{"id":148,"date":"2025-03-19T00:00:00","date_gmt":"2025-03-19T00:00:00","guid":{"rendered":"https:\/\/richardrbmarcus.com\/rokken-combineren-met-laarzen-tips-voor-2025\/"},"modified":"2025-04-02T12:41:18","modified_gmt":"2025-04-02T11:41:18","slug":"rokken-combineren-met-laarzen-tips-voor-2025","status":"publish","type":"post","link":"https:\/\/richardrbmarcus.com\/ro\/rokken-combineren-met-laarzen-tips-voor-2025\/","title":{"rendered":"Cum s\u0103 combini fustele cu cizmele: sfaturi pentru 2025"},"content":{"rendered":"<div class=\"kk-star-ratings kksr-auto kksr-align-left kksr-valign-top\"\n    data-payload='{&quot;align&quot;:&quot;left&quot;,&quot;id&quot;:&quot;148&quot;,&quot;slug&quot;:&quot;default&quot;,&quot;valign&quot;:&quot;top&quot;,&quot;ignore&quot;:&quot;&quot;,&quot;reference&quot;:&quot;auto&quot;,&quot;class&quot;:&quot;&quot;,&quot;count&quot;:&quot;0&quot;,&quot;legendonly&quot;:&quot;&quot;,&quot;readonly&quot;:&quot;&quot;,&quot;score&quot;:&quot;0&quot;,&quot;starsonly&quot;:&quot;&quot;,&quot;best&quot;:&quot;5&quot;,&quot;gap&quot;:&quot;5&quot;,&quot;greet&quot;:&quot;Rate this post&quot;,&quot;legend&quot;:&quot;0\\\/5 - (0 votes)&quot;,&quot;size&quot;:&quot;24&quot;,&quot;title&quot;:&quot;Rokken combineren met laarzen: tips voor 2025&quot;,&quot;width&quot;:&quot;0&quot;,&quot;_legend&quot;:&quot;{score}\\\/{best} - ({count} {votes})&quot;,&quot;font_factor&quot;:&quot;1.25&quot;}'>\n            \n<div class=\"kksr-stars\">\n    \n<div class=\"kksr-stars-inactive\">\n            <div class=\"kksr-star\" data-star=\"1\" style=\"padding-right: 5px\">\n            \n\n<div class=\"kksr-icon\" style=\"width: 24px; height: 24px;\"><\/div>\n        <\/div>\n            <div class=\"kksr-star\" data-star=\"2\" style=\"padding-right: 5px\">\n            \n\n<div class=\"kksr-icon\" style=\"width: 24px; height: 24px;\"><\/div>\n        <\/div>\n            <div class=\"kksr-star\" data-star=\"3\" style=\"padding-right: 5px\">\n            \n\n<div class=\"kksr-icon\" style=\"width: 24px; height: 24px;\"><\/div>\n        <\/div>\n            <div class=\"kksr-star\" data-star=\"4\" style=\"padding-right: 5px\">\n            \n\n<div class=\"kksr-icon\" style=\"width: 24px; height: 24px;\"><\/div>\n        <\/div>\n            <div class=\"kksr-star\" data-star=\"5\" style=\"padding-right: 5px\">\n            \n\n<div class=\"kksr-icon\" style=\"width: 24px; height: 24px;\"><\/div>\n        <\/div>\n    <\/div>\n    \n<div class=\"kksr-stars-active\" style=\"width: 0px;\">\n            <div class=\"kksr-star\" style=\"padding-right: 5px\">\n            \n\n<div class=\"kksr-icon\" style=\"width: 24px; height: 24px;\"><\/div>\n        <\/div>\n            <div class=\"kksr-star\" style=\"padding-right: 5px\">\n            \n\n<div class=\"kksr-icon\" style=\"width: 24px; height: 24px;\"><\/div>\n        <\/div>\n            <div class=\"kksr-star\" style=\"padding-right: 5px\">\n            \n\n<div class=\"kksr-icon\" style=\"width: 24px; height: 24px;\"><\/div>\n        <\/div>\n            <div class=\"kksr-star\" style=\"padding-right: 5px\">\n            \n\n<div class=\"kksr-icon\" style=\"width: 24px; height: 24px;\"><\/div>\n        <\/div>\n            <div class=\"kksr-star\" style=\"padding-right: 5px\">\n            \n\n<div class=\"kksr-icon\" style=\"width: 24px; height: 24px;\"><\/div>\n        <\/div>\n    <\/div>\n<\/div>\n                \n\n<div class=\"kksr-legend\" style=\"font-size: 19.2px;\">\n            <span class=\"kksr-muted\">Evalueaz\u0103 aceast\u0103 postare<\/span>\n    <\/div>\n    <\/div>\n<p>\u00cen lumea modei anului 2025, combina\u021bia fust\u0103 \u0219i cizm\u0103 este o tendin\u021b\u0103 care nu poate fi subestimat\u0103. Aceste \u021binute versatile ofer\u0103 o modalitate excelent\u0103 de a-\u021bi exprima stilul personal, precum \u0219i de a crea look-uri diferite pentru tot felul de ocazii. Fie c\u0103 mergi la o petrecere sau pl\u0103nuie\u0219ti o ie\u0219ire casual, combinarea \u0219i asortarea acestor piese vestimentare poate fi u\u0219oar\u0103 \u0219i distractiv\u0103. Poate p\u0103rea un element de baz\u0103 al modei, dar alegerile potrivite \u00een ceea ce prive\u0219te materialele, lungimile \u0219i accesoriile sunt esen\u021biale pentru ca \u021binuta ta s\u0103 ias\u0103 cu adev\u0103rat \u00een eviden\u021b\u0103. \u00cen acest articol, vom \u00eemp\u0103rt\u0103\u0219i sfaturi fiabile, idei inspirate \u0219i sfaturi practice pentru a crea look-ul perfect. S\u0103 \u00eencepem prin a explora diferitele stiluri pe care le po\u021bi purta.<\/p>\n<h2>Fusta perfect\u0103 pentru cizme<\/h2>\n<p><img decoding=\"async\" alt=\"Een vrouw in een oranje trui en een leren rok staat op een pad omringd door bloeiende bomen en bloemen.\" src=\"https:\/\/richardrbmarcus.com\/wp-content\/uploads\/image844568a4ce414101ae4c220abf4bf7ed.png\"\/><\/p>\n<p>Atunci c\u00e2nd alegi o fust\u0103 pe care s\u0103 o asortezi cu cizme, exist\u0103 mai mul\u021bi factori de luat \u00een considerare. \u00cen primul r\u00e2nd, este important s\u0103 te g\u00e2nde\u0219ti la materialul \u0219i textura fustei. \u00ce\u021bi dore\u0219ti un aspect mai elegant sau o senza\u021bie mai lejer\u0103? Alegerea materialului poate afecta foarte mult aspectul general. Iat\u0103 c\u00e2teva materiale de luat \u00een considerare:<\/p>\n<ul>\n<li><strong>Fuste de piele:<\/strong> Acestea sunt ideale pentru un look edgy \u0219i se potrivesc at\u00e2t cu cizme \u00eenalte, c\u00e2t \u0219i cu cizme joase.<\/li>\n<li><strong>Fuste din \u0219ifon:<\/strong> Aceste materiale u\u0219oare ofer\u0103 un contrast pl\u0103cut cu cizmele grele \u0219i confer\u0103 o senza\u021bie de aerisire.<\/li>\n<li><strong>Fuste de bumbac:<\/strong> Perfect\u0103 pentru un look casual, mai ales \u00een lunile mai calde.<\/li>\n<\/ul>\n<p>Lungimea fustei joac\u0103, de asemenea, un rol crucial \u00een aspectul \u021binutei. Fustele mini sunt foarte la mod\u0103, mai ales atunci c\u00e2nd sunt asortate cu botine care fac picioarele s\u0103 par\u0103 mai lungi. Pe de alt\u0103 parte, fustele midi sunt ideale pentru un look mai \u0219ic \u0219i elegant. G\u00e2nde\u0219te-te cum interac\u021bioneaz\u0103 fiecare lungime cu ghetele alese.<\/p>\n<table border=\"1\">\n<tr>\n<th>Lungimea fustei<\/th>\n<th>Cizme ideale<\/th>\n<\/tr>\n<tr>\n<td>Fust\u0103 mini<\/td>\n<td>Ghete la glezn\u0103<\/td>\n<\/tr>\n<tr>\n<td>Fust\u0103 midi<\/td>\n<td>Ghete \u00eenalte<\/td>\n<\/tr>\n<tr>\n<td>Fust\u0103 maxi<\/td>\n<td>Cizme p\u00e2n\u0103 la genunchi<\/td>\n<\/tr>\n<\/table>\n<h2>Tipuri de cizme \u0219i combina\u021biile lor<\/h2>\n<p><img decoding=\"async\" alt=\"Een vrouw in een lange, beige rok met hoge split en kniehoge laarzen loopt door een winkelgebied.\" src=\"https:\/\/richardrbmarcus.com\/wp-content\/uploads\/image543364b42e0747d5a11032c5b64bca7d.png\"\/><\/p>\n<p>Exist\u0103 mai multe tipuri de cizme de luat \u00een considerare atunci c\u00e2nd por\u021bi fuste. Fiecare tip de cizm\u0103 are propriul farmec unic \u0219i poate face o \u021binut\u0103 complet diferit\u0103. S\u0103 arunc\u0103m o privire la cele mai populare dou\u0103 tipuri de cizme: botinele \u0219i cizmele p\u00e2n\u0103 la genunchi. Botinele sunt adesea cea mai versatil\u0103 op\u021biune. Pot fi purtate at\u00e2t cu fuste scurte, c\u00e2t \u0219i cu fuste lungi \u0219i sunt perfecte pentru tranzi\u021bia dintre sezoane.<\/p>\n<p>Cizmele p\u00e2n\u0103 la genunchi ofer\u0103 c\u0103ldur\u0103 suplimentar\u0103 \u0219i sunt ideale pentru \u021binutele de iarn\u0103. Se potrivesc de minune cu fuste mai lungi, cre\u00e2nd un aspect elegant, stratificat. De asemenea, este important s\u0103 iei \u00een considerare ocazia atunci c\u00e2nd alegi cizmele; cizmele casual sau formale \u00ee\u0219i au fiecare locul lor \u00een garderoba ta.<\/p>\n<h2>Culori \u0219i modele<\/h2>\n<p>Culorile \u0219i modelele pe care le alegi pot fie s\u0103 \u00eembun\u0103t\u0103\u021beasc\u0103, fie s\u0103 scad\u0103 aspectul unei \u021binute. Culorile neutre precum negrul, maroul \u0219i bejul sunt alegeri sigure care func\u021bioneaz\u0103 \u00eentotdeauna \u0219i se potrivesc bine cu aproape orice fust\u0103. Totu\u0219i, dac\u0103 vrei s\u0103 adaugi un plus de elegan\u021b\u0103, \u00eencearc\u0103 s\u0103 experimentezi cu culori sau imprimeuri \u00eendr\u0103zne\u021be. Un imprimeu \u00eendr\u0103zne\u021b pe o fust\u0103 poate face o declara\u021bie, dar este important s\u0103 p\u0103strezi cizmele simple \u0219i subtile. Acest lucru va men\u021bine accentul pe fust\u0103.<\/p>\n<ul>\n<li><strong>Culori neutre:<\/strong> Aceste culori sunt \u00eentotdeauna o alegere bun\u0103.<\/li>\n<li><strong>Imprim\u0103ri \u00eengro\u0219ate:<\/strong> Dac\u0103 optezi pentru o fust\u0103 statement, alege cizme simple.<\/li>\n<li><strong>Coordonarea culorilor:<\/strong> Asigur\u0103-te c\u0103 culorile se completeaz\u0103 reciproc pentru un aspect armonios.<\/li>\n<\/ul>\n<h2>Accesorii pentru a completa aspectul<\/h2>\n<p>Pentru a completa \u021binuta, accesoriile sunt cruciale. Acestea pot face toat\u0103 diferen\u021ba \u00een aspectul \u021binutei tale. G\u00e2nde\u0219te-te, de exemplu, la ad\u0103ugarea unei gen\u021bi elegante. Gen\u021bile mici sunt ideale deoarece adaug\u0103 un accent f\u0103r\u0103 a distrage prea mult aten\u021bia. \u00cen ceea ce prive\u0219te bijuteriile, opteaz\u0103 pentru piese simple \u0219i elegante pentru a evita supra\u00eenc\u0103rcarea \u021binutei. Iat\u0103 c\u00e2teva sugestii de accesorii pe care le po\u021bi combina:<\/p>\n<ul>\n<li>Gen\u021bi mici care atrag aten\u021bia asupra \u021binutei tale.<\/li>\n<li>Bijuterii minimaliste pentru un look elegant.<\/li>\n<li>P\u0103l\u0103rii sau e\u0219arfe care adaug\u0103 un strat suplimentar \u021binutei tale.<\/li>\n<\/ul>\n<h2>Concluzie<\/h2>\n<p>Combinarea fustelor cu cizme ofer\u0103 oportunit\u0103\u021bi incredibile de a-\u021bi exprima stilul personal \u00een 2025. F\u0103c\u00e2nd alegerile potrivite \u00een materie de stil, materiale \u0219i accesorii, po\u021bi crea o \u021binut\u0103 care este at\u00e2t modern\u0103, c\u00e2t \u0219i atemporal\u0103. Aceast\u0103 combina\u021bie de mod\u0103 continu\u0103 s\u0103 evolueze \u0219i este \u00eentotdeauna distractiv s\u0103 experimentezi cu diferite look-uri pentru diferite ocazii. Ie\u0219i afar\u0103 cu \u00eencredere, \u0219tiind c\u0103 stilul t\u0103u este at\u00e2t \u0219ic, c\u00e2t \u0219i practic.<\/p>\n<h2>\u00centreb\u0103ri frecvente<\/h2>\n<ul>\n<li><strong>Care sunt cele mai bune tipuri de fuste de asortat cu cizme?<\/strong>\n<ul>\n<li>Fuste de piele<\/li>\n<li>Fuste midi<\/li>\n<li>Fuste maxi<\/li>\n<\/ul>\n<\/li>\n<li><strong>Po\u021bi purta cizme cu o fust\u0103 lung\u0103?<\/strong>\n<ul>\n<li>Da, mai ales cu cizme p\u00e2n\u0103 la genunchi, fustele lungi cap\u0103t\u0103 un aspect elegant.<\/li>\n<\/ul>\n<\/li>\n<li><strong>Ce accesorii se potrivesc bine cu fuste \u0219i cizme?<\/strong>\n<ul>\n<li>Gen\u021bi mici<\/li>\n<li>Bijuterii minimaliste<\/li>\n<\/ul>\n<\/li>\n<li><strong>Exist\u0103 anumite culori care se potrivesc mai bine cu aceast\u0103 combina\u021bie?<\/strong>\n<ul>\n<li>Culorile neutre sunt \u00eentotdeauna sigure, dar nu ezita\u021bi s\u0103 experimenta\u021bi cu imprimeuri.<\/li>\n<\/ul>\n<\/li>\n<li><strong>Cum \u00eemi pot personaliza \u021binuta?<\/strong>\n<ul>\n<li>Adaug\u0103 accesorii unice \u0219i joac\u0103-te cu diferite stiluri.<\/li>\n<\/ul>\n<\/li>\n<\/ul>","protected":false},"excerpt":{"rendered":"<p>\u00cen lumea modei anului 2025, combina\u021bia fust\u0103 \u0219i cizm\u0103 este o tendin\u021b\u0103 care nu poate fi subestimat\u0103. Aceste \u021binute versatile ofer\u0103 o modalitate excelent\u0103 de a...<\/p>","protected":false},"author":3,"featured_media":141,"comment_status":"closed","ping_status":"closed","sticky":false,"template":"","format":"standard","meta":{"_acf_changed":false,"footnotes":""},"categories":[1],"tags":[],"class_list":["post-148","post","type-post","status-publish","format-standard","has-post-thumbnail","hentry","category-bloggen"],"acf":[],"yoast_head":"<!-- This site is optimized with the Yoast SEO plugin v23.2 - https:\/\/yoast.com\/wordpress\/plugins\/seo\/ -->\n<title>Rokken combineren met laarzen: Mode tips voor 2025<\/title>\n<meta name=\"description\" content=\"Ontdek hoe je rokken perfect kunt combineren met laarzen in 2025. Volg onze tips voor een stijlvolle en trendy outfit!\" \/>\n<meta name=\"robots\" content=\"index, follow, max-snippet:-1, max-image-preview:large, max-video-preview:-1\" \/>\n<link rel=\"canonical\" href=\"https:\/\/richardrbmarcus.com\/ro\/rokken-combineren-met-laarzen-tips-voor-2025\/\" \/>\n<meta property=\"og:locale\" content=\"ro_RO\" \/>\n<meta property=\"og:type\" content=\"article\" \/>\n<meta property=\"og:title\" content=\"Rokken combineren met laarzen: Mode tips voor 2025\" \/>\n<meta property=\"og:description\" content=\"Ontdek hoe je rokken perfect kunt combineren met laarzen in 2025. Volg onze tips voor een stijlvolle en trendy outfit!\" \/>\n<meta property=\"og:url\" content=\"https:\/\/richardrbmarcus.com\/ro\/rokken-combineren-met-laarzen-tips-voor-2025\/\" \/>\n<meta property=\"og:site_name\" content=\"richardrbmarcus.com\" \/>\n<meta property=\"article:published_time\" content=\"2025-03-19T00:00:00+00:00\" \/>\n<meta property=\"article:modified_time\" content=\"2025-04-02T11:41:18+00:00\" \/>\n<meta property=\"og:image\" content=\"https:\/\/richardrbmarcus.com\/wp-content\/uploads\/imagefeae64331d044bca8b834905ecab873e.png\" \/>\n\t<meta property=\"og:image:width\" content=\"1024\" \/>\n\t<meta property=\"og:image:height\" content=\"768\" \/>\n\t<meta property=\"og:image:type\" content=\"image\/png\" \/>\n<meta name=\"author\" content=\"Elvira Dijkstra\" \/>\n<meta name=\"twitter:card\" content=\"summary_large_image\" \/>\n<meta name=\"twitter:label1\" content=\"Scris de\" \/>\n\t<meta name=\"twitter:data1\" content=\"Elvira Dijkstra\" \/>\n\t<meta name=\"twitter:label2\" content=\"Timp estimat pentru citire\" \/>\n\t<meta name=\"twitter:data2\" content=\"4 minute\" \/>\n<script type=\"application\/ld+json\" class=\"yoast-schema-graph\">{\"@context\":\"https:\/\/schema.org\",\"@graph\":[{\"@type\":\"WebPage\",\"@id\":\"https:\/\/richardrbmarcus.com\/rokken-combineren-met-laarzen-tips-voor-2025\/\",\"url\":\"https:\/\/richardrbmarcus.com\/rokken-combineren-met-laarzen-tips-voor-2025\/\",\"name\":\"Rokken combineren met laarzen: Mode tips voor 2025\",\"isPartOf\":{\"@id\":\"https:\/\/richardrbmarcus.com\/#website\"},\"primaryImageOfPage\":{\"@id\":\"https:\/\/richardrbmarcus.com\/rokken-combineren-met-laarzen-tips-voor-2025\/#primaryimage\"},\"image\":{\"@id\":\"https:\/\/richardrbmarcus.com\/rokken-combineren-met-laarzen-tips-voor-2025\/#primaryimage\"},\"thumbnailUrl\":\"https:\/\/richardrbmarcus.com\/wp-content\/uploads\/imagefeae64331d044bca8b834905ecab873e.png\",\"datePublished\":\"2025-03-19T00:00:00+00:00\",\"dateModified\":\"2025-04-02T11:41:18+00:00\",\"author\":{\"@id\":\"https:\/\/richardrbmarcus.com\/#\/schema\/person\/5f7c0f30235b7a27b9ba78971e785206\"},\"description\":\"Ontdek hoe je rokken perfect kunt combineren met laarzen in 2025. Volg onze tips voor een stijlvolle en trendy outfit!\",\"breadcrumb\":{\"@id\":\"https:\/\/richardrbmarcus.com\/rokken-combineren-met-laarzen-tips-voor-2025\/#breadcrumb\"},\"inLanguage\":\"ro-RO\",\"potentialAction\":[{\"@type\":\"ReadAction\",\"target\":[\"https:\/\/richardrbmarcus.com\/rokken-combineren-met-laarzen-tips-voor-2025\/\"]}]},{\"@type\":\"ImageObject\",\"inLanguage\":\"ro-RO\",\"@id\":\"https:\/\/richardrbmarcus.com\/rokken-combineren-met-laarzen-tips-voor-2025\/#primaryimage\",\"url\":\"https:\/\/richardrbmarcus.com\/wp-content\/uploads\/imagefeae64331d044bca8b834905ecab873e.png\",\"contentUrl\":\"https:\/\/richardrbmarcus.com\/wp-content\/uploads\/imagefeae64331d044bca8b834905ecab873e.png\",\"width\":1024,\"height\":768},{\"@type\":\"BreadcrumbList\",\"@id\":\"https:\/\/richardrbmarcus.com\/rokken-combineren-met-laarzen-tips-voor-2025\/#breadcrumb\",\"itemListElement\":[{\"@type\":\"ListItem\",\"position\":1,\"name\":\"Home\",\"item\":\"https:\/\/richardrbmarcus.com\/\"},{\"@type\":\"ListItem\",\"position\":2,\"name\":\"Rokken combineren met laarzen: tips voor 2025\"}]},{\"@type\":\"WebSite\",\"@id\":\"https:\/\/richardrbmarcus.com\/#website\",\"url\":\"https:\/\/richardrbmarcus.com\/\",\"name\":\"richardrbmarcus.com\",\"description\":\"Trendy mode-inspiratie en stijltips voor een tijdloze look\",\"potentialAction\":[{\"@type\":\"SearchAction\",\"target\":{\"@type\":\"EntryPoint\",\"urlTemplate\":\"https:\/\/richardrbmarcus.com\/?s={search_term_string}\"},\"query-input\":\"required name=search_term_string\"}],\"inLanguage\":\"ro-RO\"},{\"@type\":\"Person\",\"@id\":\"https:\/\/richardrbmarcus.com\/#\/schema\/person\/5f7c0f30235b7a27b9ba78971e785206\",\"name\":\"Elvira Dijkstra\",\"image\":{\"@type\":\"ImageObject\",\"inLanguage\":\"ro-RO\",\"@id\":\"https:\/\/richardrbmarcus.com\/#\/schema\/person\/image\/\",\"url\":\"https:\/\/richardrbmarcus.com\/wp-content\/uploads\/elvira-dijkstra_avatar-96x96.jpg\",\"contentUrl\":\"https:\/\/richardrbmarcus.com\/wp-content\/uploads\/elvira-dijkstra_avatar-96x96.jpg\",\"caption\":\"Elvira Dijkstra\"},\"description\":\"Ik ben Elvira Dijkstra, een mode-expert. Na mijn studie aan de Academie voor Mode en Design heb ik ervaring opgedaan als modeconsulent, stylist en schrijver voor modebladen. Mijn werk draait om het toegankelijk maken van mode, zodat iedereen zijn of haar persoonlijke stijl kan vinden en zich zelfverzekerd kan voelen.\",\"url\":\"https:\/\/richardrbmarcus.com\/ro\/author\/elvira-dijkstra\/\"}]}<\/script>\n<!-- \/ Yoast SEO plugin. -->","yoast_head_json":{"title":"Rokken combineren met laarzen: Mode tips voor 2025","description":"Ontdek hoe je rokken perfect kunt combineren met laarzen in 2025. Volg onze tips voor een stijlvolle en trendy outfit!","robots":{"index":"index","follow":"follow","max-snippet":"max-snippet:-1","max-image-preview":"max-image-preview:large","max-video-preview":"max-video-preview:-1"},"canonical":"https:\/\/richardrbmarcus.com\/ro\/rokken-combineren-met-laarzen-tips-voor-2025\/","og_locale":"ro_RO","og_type":"article","og_title":"Rokken combineren met laarzen: Mode tips voor 2025","og_description":"Ontdek hoe je rokken perfect kunt combineren met laarzen in 2025. Volg onze tips voor een stijlvolle en trendy outfit!","og_url":"https:\/\/richardrbmarcus.com\/ro\/rokken-combineren-met-laarzen-tips-voor-2025\/","og_site_name":"richardrbmarcus.com","article_published_time":"2025-03-19T00:00:00+00:00","article_modified_time":"2025-04-02T11:41:18+00:00","og_image":[{"width":1024,"height":768,"url":"https:\/\/richardrbmarcus.com\/wp-content\/uploads\/imagefeae64331d044bca8b834905ecab873e.png","type":"image\/png"}],"author":"Elvira Dijkstra","twitter_card":"summary_large_image","twitter_misc":{"Scris de":"Elvira Dijkstra","Timp estimat pentru citire":"4 minute"},"schema":{"@context":"https:\/\/schema.org","@graph":[{"@type":"WebPage","@id":"https:\/\/richardrbmarcus.com\/rokken-combineren-met-laarzen-tips-voor-2025\/","url":"https:\/\/richardrbmarcus.com\/rokken-combineren-met-laarzen-tips-voor-2025\/","name":"Rokken combineren met laarzen: Mode tips voor 2025","isPartOf":{"@id":"https:\/\/richardrbmarcus.com\/#website"},"primaryImageOfPage":{"@id":"https:\/\/richardrbmarcus.com\/rokken-combineren-met-laarzen-tips-voor-2025\/#primaryimage"},"image":{"@id":"https:\/\/richardrbmarcus.com\/rokken-combineren-met-laarzen-tips-voor-2025\/#primaryimage"},"thumbnailUrl":"https:\/\/richardrbmarcus.com\/wp-content\/uploads\/imagefeae64331d044bca8b834905ecab873e.png","datePublished":"2025-03-19T00:00:00+00:00","dateModified":"2025-04-02T11:41:18+00:00","author":{"@id":"https:\/\/richardrbmarcus.com\/#\/schema\/person\/5f7c0f30235b7a27b9ba78971e785206"},"description":"Ontdek hoe je rokken perfect kunt combineren met laarzen in 2025. Volg onze tips voor een stijlvolle en trendy outfit!","breadcrumb":{"@id":"https:\/\/richardrbmarcus.com\/rokken-combineren-met-laarzen-tips-voor-2025\/#breadcrumb"},"inLanguage":"ro-RO","potentialAction":[{"@type":"ReadAction","target":["https:\/\/richardrbmarcus.com\/rokken-combineren-met-laarzen-tips-voor-2025\/"]}]},{"@type":"ImageObject","inLanguage":"ro-RO","@id":"https:\/\/richardrbmarcus.com\/rokken-combineren-met-laarzen-tips-voor-2025\/#primaryimage","url":"https:\/\/richardrbmarcus.com\/wp-content\/uploads\/imagefeae64331d044bca8b834905ecab873e.png","contentUrl":"https:\/\/richardrbmarcus.com\/wp-content\/uploads\/imagefeae64331d044bca8b834905ecab873e.png","width":1024,"height":768},{"@type":"BreadcrumbList","@id":"https:\/\/richardrbmarcus.com\/rokken-combineren-met-laarzen-tips-voor-2025\/#breadcrumb","itemListElement":[{"@type":"ListItem","position":1,"name":"Home","item":"https:\/\/richardrbmarcus.com\/"},{"@type":"ListItem","position":2,"name":"Rokken combineren met laarzen: tips voor 2025"}]},{"@type":"WebSite","@id":"https:\/\/richardrbmarcus.com\/#website","url":"https:\/\/richardrbmarcus.com\/","name":"richardrbmarcus.com","description":"Trendy mode-inspiratie en stijltips voor een tijdloze look","potentialAction":[{"@type":"SearchAction","target":{"@type":"EntryPoint","urlTemplate":"https:\/\/richardrbmarcus.com\/?s={search_term_string}"},"query-input":"required name=search_term_string"}],"inLanguage":"ro-RO"},{"@type":"Person","@id":"https:\/\/richardrbmarcus.com\/#\/schema\/person\/5f7c0f30235b7a27b9ba78971e785206","name":"Elvira Dijkstra","image":{"@type":"ImageObject","inLanguage":"ro-RO","@id":"https:\/\/richardrbmarcus.com\/#\/schema\/person\/image\/","url":"https:\/\/richardrbmarcus.com\/wp-content\/uploads\/elvira-dijkstra_avatar-96x96.jpg","contentUrl":"https:\/\/richardrbmarcus.com\/wp-content\/uploads\/elvira-dijkstra_avatar-96x96.jpg","caption":"Elvira Dijkstra"},"description":"Ik ben Elvira Dijkstra, een mode-expert. Na mijn studie aan de Academie voor Mode en Design heb ik ervaring opgedaan als modeconsulent, stylist en schrijver voor modebladen. Mijn werk draait om het toegankelijk maken van mode, zodat iedereen zijn of haar persoonlijke stijl kan vinden en zich zelfverzekerd kan voelen.","url":"https:\/\/richardrbmarcus.com\/ro\/author\/elvira-dijkstra\/"}]}},"yoast_meta":{"yoast_wpseo_title":"","yoast_wpseo_metadesc":"","yoast_wpseo_canonical":"https:\/\/richardrbmarcus.com\/ro\/wp-json\/wp\/v2\/posts\/148"},"_links":{"self":[{"href":"https:\/\/richardrbmarcus.com\/ro\/wp-json\/wp\/v2\/posts\/148","targetHints":{"allow":["GET"]}}],"collection":[{"href":"https:\/\/richardrbmarcus.com\/ro\/wp-json\/wp\/v2\/posts"}],"about":[{"href":"https:\/\/richardrbmarcus.com\/ro\/wp-json\/wp\/v2\/types\/post"}],"author":[{"embeddable":true,"href":"https:\/\/richardrbmarcus.com\/ro\/wp-json\/wp\/v2\/users\/3"}],"replies":[{"embeddable":true,"href":"https:\/\/richardrbmarcus.com\/ro\/wp-json\/wp\/v2\/comments?post=148"}],"version-history":[{"count":1,"href":"https:\/\/richardrbmarcus.com\/ro\/wp-json\/wp\/v2\/posts\/148\/revisions"}],"predecessor-version":[{"id":167,"href":"https:\/\/richardrbmarcus.com\/ro\/wp-json\/wp\/v2\/posts\/148\/revisions\/167"}],"wp:featuredmedia":[{"embeddable":true,"href":"https:\/\/richardrbmarcus.com\/ro\/wp-json\/wp\/v2\/media\/141"}],"wp:attachment":[{"href":"https:\/\/richardrbmarcus.com\/ro\/wp-json\/wp\/v2\/media?parent=148"}],"wp:term":[{"taxonomy":"category","embeddable":true,"href":"https:\/\/richardrbmarcus.com\/ro\/wp-json\/wp\/v2\/categories?post=148"},{"taxonomy":"post_tag","embeddable":true,"href":"https:\/\/richardrbmarcus.com\/ro\/wp-json\/wp\/v2\/tags?post=148"}],"curies":[{"name":"wp","href":"https:\/\/api.w.org\/{rel}","templated":true}]}}