{"id":214,"date":"2025-04-08T00:00:00","date_gmt":"2025-04-07T23:00:00","guid":{"rendered":"https:\/\/richardrbmarcus.com\/wat-zijn-de-toonaangevende-fashion-weeks-voor-voorjaar-2025\/"},"modified":"2025-04-08T00:00:00","modified_gmt":"2025-04-07T23:00:00","slug":"wat-zijn-de-toonaangevende-fashion-weeks-voor-voorjaar-2025","status":"publish","type":"post","link":"https:\/\/richardrbmarcus.com\/ro\/wat-zijn-de-toonaangevende-fashion-weeks-voor-voorjaar-2025\/","title":{"rendered":"Care sunt principalele s\u0103pt\u0103m\u00e2ni ale modei pentru prim\u0103vara anului 2025?"},"content":{"rendered":"<div class=\"kk-star-ratings kksr-auto kksr-align-left kksr-valign-top\"\n    data-payload='{&quot;align&quot;:&quot;left&quot;,&quot;id&quot;:&quot;214&quot;,&quot;slug&quot;:&quot;default&quot;,&quot;valign&quot;:&quot;top&quot;,&quot;ignore&quot;:&quot;&quot;,&quot;reference&quot;:&quot;auto&quot;,&quot;class&quot;:&quot;&quot;,&quot;count&quot;:&quot;0&quot;,&quot;legendonly&quot;:&quot;&quot;,&quot;readonly&quot;:&quot;&quot;,&quot;score&quot;:&quot;0&quot;,&quot;starsonly&quot;:&quot;&quot;,&quot;best&quot;:&quot;5&quot;,&quot;gap&quot;:&quot;5&quot;,&quot;greet&quot;:&quot;Rate this post&quot;,&quot;legend&quot;:&quot;0\\\/5 - (0 votes)&quot;,&quot;size&quot;:&quot;24&quot;,&quot;title&quot;:&quot;Wat zijn de toonaangevende fashion weeks voor voorjaar 2025?&quot;,&quot;width&quot;:&quot;0&quot;,&quot;_legend&quot;:&quot;{score}\\\/{best} - ({count} {votes})&quot;,&quot;font_factor&quot;:&quot;1.25&quot;}'>\n            \n<div class=\"kksr-stars\">\n    \n<div class=\"kksr-stars-inactive\">\n            <div class=\"kksr-star\" data-star=\"1\" style=\"padding-right: 5px\">\n            \n\n<div class=\"kksr-icon\" style=\"width: 24px; height: 24px;\"><\/div>\n        <\/div>\n            <div class=\"kksr-star\" data-star=\"2\" style=\"padding-right: 5px\">\n            \n\n<div class=\"kksr-icon\" style=\"width: 24px; height: 24px;\"><\/div>\n        <\/div>\n            <div class=\"kksr-star\" data-star=\"3\" style=\"padding-right: 5px\">\n            \n\n<div class=\"kksr-icon\" style=\"width: 24px; height: 24px;\"><\/div>\n        <\/div>\n            <div class=\"kksr-star\" data-star=\"4\" style=\"padding-right: 5px\">\n            \n\n<div class=\"kksr-icon\" style=\"width: 24px; height: 24px;\"><\/div>\n        <\/div>\n            <div class=\"kksr-star\" data-star=\"5\" style=\"padding-right: 5px\">\n            \n\n<div class=\"kksr-icon\" style=\"width: 24px; height: 24px;\"><\/div>\n        <\/div>\n    <\/div>\n    \n<div class=\"kksr-stars-active\" style=\"width: 0px;\">\n            <div class=\"kksr-star\" style=\"padding-right: 5px\">\n            \n\n<div class=\"kksr-icon\" style=\"width: 24px; height: 24px;\"><\/div>\n        <\/div>\n            <div class=\"kksr-star\" style=\"padding-right: 5px\">\n            \n\n<div class=\"kksr-icon\" style=\"width: 24px; height: 24px;\"><\/div>\n        <\/div>\n            <div class=\"kksr-star\" style=\"padding-right: 5px\">\n            \n\n<div class=\"kksr-icon\" style=\"width: 24px; height: 24px;\"><\/div>\n        <\/div>\n            <div class=\"kksr-star\" style=\"padding-right: 5px\">\n            \n\n<div class=\"kksr-icon\" style=\"width: 24px; height: 24px;\"><\/div>\n        <\/div>\n            <div class=\"kksr-star\" style=\"padding-right: 5px\">\n            \n\n<div class=\"kksr-icon\" style=\"width: 24px; height: 24px;\"><\/div>\n        <\/div>\n    <\/div>\n<\/div>\n                \n\n<div class=\"kksr-legend\" style=\"font-size: 19.2px;\">\n            <span class=\"kksr-muted\">Evalueaz\u0103 aceast\u0103 postare<\/span>\n    <\/div>\n    <\/div>\n<p>\u00cen lumea modei, s\u0103pt\u0103m\u00e2nile modei sunt cruciale pentru stabilirea tendin\u021belor care vor dura sezoanele viitoare. Prim\u0103vara anului 2025 ofer\u0103 designerilor o oportunitate interesant\u0103 de a-\u0219i prezenta crea\u021biile lumii. Acest articol exploreaz\u0103 lunile modei din februarie, c\u00e2nd ora\u0219e emblematice precum New York, Londra, Milano \u0219i Paris \u00ee\u0219i deschid por\u021bile profesioni\u0219tilor \u0219i pasiona\u021bilor de mod\u0103. Fiecare dintre aceste s\u0103pt\u0103m\u00e2ni ale modei are propriul caracter \u0219i atractivitate unice, ceea ce le face esen\u021biale pentru oricine este interesat de ceea ce se \u00eent\u00e2mpl\u0103 \u00een lumea modei. Mai mult, sezonul care urmeaz\u0103 promite s\u0103 fie plin de inova\u021bie \u0219i idei interesante. Mai jos, vom analiza \u00een detaliu cele mai importante s\u0103pt\u0103m\u00e2ni ale modei din aceast\u0103 prim\u0103var\u0103.<\/p>\n<h2>Cele mai importante s\u0103pt\u0103m\u00e2ni ale modei din prim\u0103vara anului 2025<\/h2>\n<p><img decoding=\"async\" alt=\"Een jonge vrouw met een groene outfit en een beige doek in haar handen, kijkt nieuwsgierig naar de camera.\" src=\"https:\/\/richardrbmarcus.com\/wp-content\/uploads\/imaged01a824359574d9ab1df27aa8960b581.png\"\/><\/p>\n<h3>S\u0103pt\u0103m\u00e2na Modei de la New York<\/h3>\n<p>S\u0103pt\u0103m\u00e2na Modei de la New York este unul dintre cele mai influente evenimente din lume. Adesea \u00eencepe \u00een prima jum\u0103tate a lunii februarie \u0219i prezint\u0103 o selec\u021bie divers\u0103 at\u00e2t de nume consacrate, c\u00e2t \u0219i de designeri emergen\u021bi. A\u0219tepta\u021bi-v\u0103 la prezent\u0103ri spectaculoase care reflect\u0103 energia \u0219i cultura New York-ului. Podiumurile \u0219ic nu sunt doar locuri pentru mod\u0103, ci \u0219i pentru interac\u021biune social\u0103 \u0219i networking. Multe branduri prezint\u0103 colec\u021bii inspirate de tendin\u021bele actuale \u0219i problemele sociale. Acest amestec unic face din NYFW o platform\u0103 de top pentru industria modei.<\/p>\n<h3>S\u0103pt\u0103m\u00e2na Modei de la Londra<\/h3>\n<p>La Londra, designurile avangardiste \u0219i uneori bizare ne revigoreaz\u0103 viziunea asupra modei. S\u0103pt\u0103m\u00e2na Modei de la Londra, programat\u0103 pentru mijlocul lunii februarie, este un teren fertil pentru creativitate. \u00cen timp ce marile branduri \u00ee\u0219i prezint\u0103 cele mai recente colec\u021bii, exist\u0103 loc \u0219i pentru designeri tineri \u0219i talenta\u021bi care doresc s\u0103 \u00ee\u0219i \u00eemp\u0103rt\u0103\u0219easc\u0103 viziunea unic\u0103. Publicul iubitor de mod\u0103 este \u00eentotdeauna curios s\u0103 vad\u0103 ce ne va aduce acest spirit inovator. Experimentele cu \u021bes\u0103turi \u0219i siluete sunt adesea inovatoare \u0219i inspiratoare. Fie c\u0103 preferi stilul clasic sau designurile futuriste, Londra le are pe toate.<\/p>\n<h3>S\u0103pt\u0103m\u00e2na Modei de la Milano<\/h3>\n<p>Milano este capitala modei de lux, iar S\u0103pt\u0103m\u00e2na Modei de la Milano, care are loc de obicei chiar \u00eenainte de Paris, are reputa\u021bia de a fi o destina\u021bie obligatorie pentru profesioni\u0219tii din mod\u0103. Concentr\u00e2ndu-se pe branduri premium \u0219i case de mod\u0103, evenimentul este de obicei plin de fler \u0219i elegan\u021b\u0103. Designeri precum Gucci \u0219i Prada \u00ee\u0219i vor etala cu siguran\u021b\u0103 cele mai impresionante crea\u021bii. Milano combin\u0103 m\u0103iestria tradi\u021bional\u0103 cu inova\u021biile moderne, rezult\u00e2nd o experien\u021b\u0103 de neuitat. Cu invita\u021bi de elit\u0103 \u0219i o atmosfer\u0103 de glamour de neegalat, atrage crema de la crem\u0103 a lumii modei. Iat\u0103 o scurt\u0103 list\u0103 cu c\u00e2teva branduri pe care nu dori\u021bi s\u0103 le rata\u021bi:<\/p>\n<ul>\n<li>Gucci<\/li>\n<li>Prada<\/li>\n<li>Versace<\/li>\n<li>Dolce &amp; Gabbana<\/li>\n<\/ul>\n<h3>S\u0103pt\u0103m\u00e2na Modei de la Paris<\/h3>\n<p>Ca final al s\u0103pt\u0103m\u00e2nilor modei, S\u0103pt\u0103m\u00e2na Modei de la Paris este \u00eentotdeauna cel mai str\u0103lucitor \u0219i prestigios eveniment. Prezent\u0103rile sunt adesea grandioase \u0219i elaborate, prezentate \u00een loca\u021bii emblematice care accentueaz\u0103 cu adev\u0103rat lumina reflectoarelor. Coordonarea dintre mod\u0103 \u0219i cultur\u0103 este impecabil\u0103 aici, designeri de top prezent\u00e2ndu-\u0219i capodoperele. Aici se stabilesc \u00een sf\u00e2r\u0219it tendin\u021bele care pot crea monopoluri \u00een industria modei. Ca s\u0103 nu mai vorbim de faptul c\u0103 unele dintre cele mai faimoase case de design, precum Chanel \u0219i Dior, ofer\u0103 crea\u021bii uluitoare. De asemenea, este interesant impactul re\u021belelor sociale asupra acestor prezent\u0103ri. Iat\u0103 un tabel cu c\u00e2teva date cheie ale s\u0103pt\u0103m\u00e2nilor modei:<\/p>\n<table border=\"1\">\n<tr>\n<th>S\u0103pt\u0103m\u00e2na Modei<\/th>\n<th>Date<\/th>\n<\/tr>\n<tr>\n<td>New York<\/td>\n<td>Plan preliminar: 7-14 februarie 2025<\/td>\n<\/tr>\n<tr>\n<td>Londra<\/td>\n<td>Plan preliminar: 15-19 februarie 2025<\/td>\n<\/tr>\n<tr>\n<td>Milano<\/td>\n<td>Plan preliminar: 20-26 februarie 2025<\/td>\n<\/tr>\n<tr>\n<td>Paris<\/td>\n<td>Plan preliminar: 27 februarie \u2013 6 martie 2025<\/td>\n<\/tr>\n<\/table>\n<h2>La ce s\u0103 te a\u0219tep\u021bi de la colec\u021bii?<\/h2>\n<p><img decoding=\"async\" alt=\"Drie modieuze vrouwen in een drukke straat in Parijs, gekleed in stijlvolle jassen en zonnebrillen.\" src=\"https:\/\/richardrbmarcus.com\/wp-content\/uploads\/imagee1eb47075abf410aabd4377f6b0eb273.png\"\/><\/p>\n<p>S\u0103pt\u0103m\u00e2nile modei de prim\u0103var\u0103 2025 se a\u0219teapt\u0103 s\u0103 pun\u0103 accentul pe sustenabilitate \u0219i mod\u0103 etic\u0103. Designerii vor folosi tehnici inovatoare \u0219i materiale sustenabile, cum ar fi poliesterul reciclat \u0219i bumbacul organic. Urm\u0103rirea unei amprente ecologice mai mici va deveni din ce \u00een ce mai important\u0103. \u00cen plus, ne putem a\u0219tepta la influen\u021be retro \u0219i la rena\u0219terea stilurilor trecute. Interesul pentru imprimeuri \u0219i culori unice va cre\u0219te, cu accent pe personalitate \u0219i individualitate. Iat\u0103 c\u00e2teva tendin\u021be a\u0219teptate:<\/p>\n<ul>\n<li>Design sustenabil \u0219i ecologic<\/li>\n<li>Stiluri retro \u0219i vintage<\/li>\n<li>Culori \u0219i imprimeuri vii<\/li>\n<li>Amestec de stiluri \u0219i influen\u021be culturale<\/li>\n<\/ul>\n<h2>Concluzie<\/h2>\n<p>S\u0103pt\u0103m\u00e2nile modei nu sunt doar o \u0219ans\u0103 pentru branduri de a-\u0219i prezenta noile designuri, ci \u0219i o oportunitate cheie de a influen\u021ba viitorul modei. Prim\u0103vara anului 2025 va fi definit\u0103 de materiale dinamice \u0219i inspira\u021bionale. Cele mai influente ora\u0219e vor aduce tendin\u021be care ne vor influen\u021ba moda \u0219i stilul de via\u021b\u0103. Pe m\u0103sur\u0103 ce creativitatea \u00eent\u00e2lne\u0219te sustenabilitatea, asist\u0103m la o schimbare care va fi imposibil de ignorat. Moda va continua s\u0103 evolueze \u0219i este esen\u021bial s\u0103 fim la curent cu aceste evolu\u021bii. \u00cen ciuda agita\u021biei din jurul s\u0103pt\u0103m\u00e2nilor modei, exist\u0103 un mesaj fundamental de responsabilitate care devine din ce \u00een ce mai clar.<\/p>\n<h2>\u00centreb\u0103ri frecvente<\/h2>\n<ul>\n<li><strong>C\u00e2nd \u00eencepe S\u0103pt\u0103m\u00e2na Modei de la New York pentru prim\u0103vara anului 2025?<\/strong> S\u0103pt\u0103m\u00e2na Modei de la New York este a\u0219teptat\u0103 s\u0103 \u00eenceap\u0103 \u00een februarie 2025.<\/li>\n<li><strong>Care sunt c\u00e2\u021biva designeri cheie pe care trebuie s\u0103 \u00eei cau\u021bi \u00een Londra?<\/strong> Printre designerii de urm\u0103rit se num\u0103r\u0103 Burberry, Alexander McQueen \u0219i talentele \u00een ascensiune care \u0219i-ar putea face debutul.<\/li>\n<li><strong>Cum pot urm\u0103ri prezent\u0103rile de la S\u0103pt\u0103m\u00e2na Modei de la Paris?<\/strong> Multe spectacole sunt disponibile prin transmisiune \u00een direct pe platformele de socializare \u0219i pe site-urile de mod\u0103.<\/li>\n<li><strong>Este posibil s\u0103 accesezi s\u0103pt\u0103m\u00e2nile modei ca \u0219i consumator obi\u0219nuit?<\/strong> Majoritatea spectacolelor sunt deschise doar invita\u021bilor, dar unele evenimente \u0219i prezent\u0103ri sunt deschise publicului sau presei.<\/li>\n<li><strong>Care sunt tendin\u021bele a\u0219teptate pentru prim\u0103vara anului 2025?<\/strong> A\u0219tepta\u021bi-v\u0103 la o combina\u021bie de sustenabilitate, materiale inovatoare \u0219i elemente retro crossover \u00een colec\u021bii.<\/li>\n<\/ul>","protected":false},"excerpt":{"rendered":"<p>\u00cen lumea modei, s\u0103pt\u0103m\u00e2nile modei sunt cruciale pentru stabilirea tendin\u021belor care dureaz\u0103 sezoane \u00eentregi. Prim\u0103vara anului 2025 prezint\u0103 o oportunitate interesant\u0103 pentru designeri de a...<\/p>","protected":false},"author":1,"featured_media":205,"comment_status":"closed","ping_status":"closed","sticky":false,"template":"","format":"standard","meta":{"_acf_changed":false,"footnotes":""},"categories":[1],"tags":[],"class_list":["post-214","post","type-post","status-publish","format-standard","has-post-thumbnail","hentry","category-bloggen"],"acf":[],"yoast_head":"<!-- This site is optimized with the Yoast SEO plugin v23.2 - https:\/\/yoast.com\/wordpress\/plugins\/seo\/ -->\n<title>Ontdek de Toonaangevende Fashion Weeks van Voorjaar 2025: Trends, Merken en Datums<\/title>\n<meta name=\"description\" content=\"Verken de belangrijkste fashion weeks van voorjaar 2025 in New York, Londen, Milaan en Parijs en ontdek de nieuwste mode trends.\" \/>\n<meta name=\"robots\" content=\"index, follow, max-snippet:-1, max-image-preview:large, max-video-preview:-1\" \/>\n<link rel=\"canonical\" href=\"https:\/\/richardrbmarcus.com\/ro\/wat-zijn-de-toonaangevende-fashion-weeks-voor-voorjaar-2025\/\" \/>\n<meta property=\"og:locale\" content=\"ro_RO\" \/>\n<meta property=\"og:type\" content=\"article\" \/>\n<meta property=\"og:title\" content=\"Ontdek de Toonaangevende Fashion Weeks van Voorjaar 2025: Trends, Merken en Datums\" \/>\n<meta property=\"og:description\" content=\"Verken de belangrijkste fashion weeks van voorjaar 2025 in New York, Londen, Milaan en Parijs en ontdek de nieuwste mode trends.\" \/>\n<meta property=\"og:url\" content=\"https:\/\/richardrbmarcus.com\/ro\/wat-zijn-de-toonaangevende-fashion-weeks-voor-voorjaar-2025\/\" \/>\n<meta property=\"og:site_name\" content=\"richardrbmarcus.com\" \/>\n<meta property=\"article:published_time\" content=\"2025-04-07T23:00:00+00:00\" \/>\n<meta property=\"og:image\" content=\"https:\/\/richardrbmarcus.com\/wp-content\/uploads\/image501c89b0d9b245d4aceb057679bb148c.png\" \/>\n\t<meta property=\"og:image:width\" content=\"1024\" \/>\n\t<meta property=\"og:image:height\" content=\"768\" \/>\n\t<meta property=\"og:image:type\" content=\"image\/png\" \/>\n<meta name=\"author\" content=\"Eveline Desramaut\" \/>\n<meta name=\"twitter:card\" content=\"summary_large_image\" \/>\n<meta name=\"twitter:label1\" content=\"Scris de\" \/>\n\t<meta name=\"twitter:data1\" content=\"Eveline Desramaut\" \/>\n\t<meta name=\"twitter:label2\" content=\"Timp estimat pentru citire\" \/>\n\t<meta name=\"twitter:data2\" content=\"4 minute\" \/>\n<script type=\"application\/ld+json\" class=\"yoast-schema-graph\">{\"@context\":\"https:\/\/schema.org\",\"@graph\":[{\"@type\":\"WebPage\",\"@id\":\"https:\/\/richardrbmarcus.com\/wat-zijn-de-toonaangevende-fashion-weeks-voor-voorjaar-2025\/\",\"url\":\"https:\/\/richardrbmarcus.com\/wat-zijn-de-toonaangevende-fashion-weeks-voor-voorjaar-2025\/\",\"name\":\"Ontdek de Toonaangevende Fashion Weeks van Voorjaar 2025: Trends, Merken en Datums\",\"isPartOf\":{\"@id\":\"https:\/\/richardrbmarcus.com\/#website\"},\"primaryImageOfPage\":{\"@id\":\"https:\/\/richardrbmarcus.com\/wat-zijn-de-toonaangevende-fashion-weeks-voor-voorjaar-2025\/#primaryimage\"},\"image\":{\"@id\":\"https:\/\/richardrbmarcus.com\/wat-zijn-de-toonaangevende-fashion-weeks-voor-voorjaar-2025\/#primaryimage\"},\"thumbnailUrl\":\"https:\/\/richardrbmarcus.com\/wp-content\/uploads\/image501c89b0d9b245d4aceb057679bb148c.png\",\"datePublished\":\"2025-04-07T23:00:00+00:00\",\"dateModified\":\"2025-04-07T23:00:00+00:00\",\"author\":{\"@id\":\"https:\/\/richardrbmarcus.com\/#\/schema\/person\/aa58247b038c238ff812a2631b63e069\"},\"description\":\"Verken de belangrijkste fashion weeks van voorjaar 2025 in New York, Londen, Milaan en Parijs en ontdek de nieuwste mode trends.\",\"breadcrumb\":{\"@id\":\"https:\/\/richardrbmarcus.com\/wat-zijn-de-toonaangevende-fashion-weeks-voor-voorjaar-2025\/#breadcrumb\"},\"inLanguage\":\"ro-RO\",\"potentialAction\":[{\"@type\":\"ReadAction\",\"target\":[\"https:\/\/richardrbmarcus.com\/wat-zijn-de-toonaangevende-fashion-weeks-voor-voorjaar-2025\/\"]}]},{\"@type\":\"ImageObject\",\"inLanguage\":\"ro-RO\",\"@id\":\"https:\/\/richardrbmarcus.com\/wat-zijn-de-toonaangevende-fashion-weeks-voor-voorjaar-2025\/#primaryimage\",\"url\":\"https:\/\/richardrbmarcus.com\/wp-content\/uploads\/image501c89b0d9b245d4aceb057679bb148c.png\",\"contentUrl\":\"https:\/\/richardrbmarcus.com\/wp-content\/uploads\/image501c89b0d9b245d4aceb057679bb148c.png\",\"width\":1024,\"height\":768},{\"@type\":\"BreadcrumbList\",\"@id\":\"https:\/\/richardrbmarcus.com\/wat-zijn-de-toonaangevende-fashion-weeks-voor-voorjaar-2025\/#breadcrumb\",\"itemListElement\":[{\"@type\":\"ListItem\",\"position\":1,\"name\":\"Home\",\"item\":\"https:\/\/richardrbmarcus.com\/\"},{\"@type\":\"ListItem\",\"position\":2,\"name\":\"Wat zijn de toonaangevende fashion weeks voor voorjaar 2025?\"}]},{\"@type\":\"WebSite\",\"@id\":\"https:\/\/richardrbmarcus.com\/#website\",\"url\":\"https:\/\/richardrbmarcus.com\/\",\"name\":\"richardrbmarcus.com\",\"description\":\"Trendy mode-inspiratie en stijltips voor een tijdloze look\",\"potentialAction\":[{\"@type\":\"SearchAction\",\"target\":{\"@type\":\"EntryPoint\",\"urlTemplate\":\"https:\/\/richardrbmarcus.com\/?s={search_term_string}\"},\"query-input\":\"required name=search_term_string\"}],\"inLanguage\":\"ro-RO\"},{\"@type\":\"Person\",\"@id\":\"https:\/\/richardrbmarcus.com\/#\/schema\/person\/aa58247b038c238ff812a2631b63e069\",\"name\":\"Eveline Desramaut\",\"image\":{\"@type\":\"ImageObject\",\"inLanguage\":\"ro-RO\",\"@id\":\"https:\/\/richardrbmarcus.com\/#\/schema\/person\/image\/\",\"url\":\"https:\/\/richardrbmarcus.com\/wp-content\/uploads\/eveline-desramaut_avatar-96x96.jpg\",\"contentUrl\":\"https:\/\/richardrbmarcus.com\/wp-content\/uploads\/eveline-desramaut_avatar-96x96.jpg\",\"caption\":\"Eveline Desramaut\"},\"description\":\"Mijn naam is Eveline Desramaut, een mode-expert met een passie voor stijl, trends en zelfexpressie door kleding. Na mijn opleiding aan de Modeacademie in Amsterdam werk ik als stylist, schrijver voor modebladen en geef ik advies over duurzame mode.\",\"url\":\"https:\/\/richardrbmarcus.com\/ro\/author\/eveline-desramaut\/\"}]}<\/script>\n<!-- \/ Yoast SEO plugin. -->","yoast_head_json":{"title":"Ontdek de Toonaangevende Fashion Weeks van Voorjaar 2025: Trends, Merken en Datums","description":"Verken de belangrijkste fashion weeks van voorjaar 2025 in New York, Londen, Milaan en Parijs en ontdek de nieuwste mode trends.","robots":{"index":"index","follow":"follow","max-snippet":"max-snippet:-1","max-image-preview":"max-image-preview:large","max-video-preview":"max-video-preview:-1"},"canonical":"https:\/\/richardrbmarcus.com\/ro\/wat-zijn-de-toonaangevende-fashion-weeks-voor-voorjaar-2025\/","og_locale":"ro_RO","og_type":"article","og_title":"Ontdek de Toonaangevende Fashion Weeks van Voorjaar 2025: Trends, Merken en Datums","og_description":"Verken de belangrijkste fashion weeks van voorjaar 2025 in New York, Londen, Milaan en Parijs en ontdek de nieuwste mode trends.","og_url":"https:\/\/richardrbmarcus.com\/ro\/wat-zijn-de-toonaangevende-fashion-weeks-voor-voorjaar-2025\/","og_site_name":"richardrbmarcus.com","article_published_time":"2025-04-07T23:00:00+00:00","og_image":[{"width":1024,"height":768,"url":"https:\/\/richardrbmarcus.com\/wp-content\/uploads\/image501c89b0d9b245d4aceb057679bb148c.png","type":"image\/png"}],"author":"Eveline Desramaut","twitter_card":"summary_large_image","twitter_misc":{"Scris de":"Eveline Desramaut","Timp estimat pentru citire":"4 minute"},"schema":{"@context":"https:\/\/schema.org","@graph":[{"@type":"WebPage","@id":"https:\/\/richardrbmarcus.com\/wat-zijn-de-toonaangevende-fashion-weeks-voor-voorjaar-2025\/","url":"https:\/\/richardrbmarcus.com\/wat-zijn-de-toonaangevende-fashion-weeks-voor-voorjaar-2025\/","name":"Ontdek de Toonaangevende Fashion Weeks van Voorjaar 2025: Trends, Merken en Datums","isPartOf":{"@id":"https:\/\/richardrbmarcus.com\/#website"},"primaryImageOfPage":{"@id":"https:\/\/richardrbmarcus.com\/wat-zijn-de-toonaangevende-fashion-weeks-voor-voorjaar-2025\/#primaryimage"},"image":{"@id":"https:\/\/richardrbmarcus.com\/wat-zijn-de-toonaangevende-fashion-weeks-voor-voorjaar-2025\/#primaryimage"},"thumbnailUrl":"https:\/\/richardrbmarcus.com\/wp-content\/uploads\/image501c89b0d9b245d4aceb057679bb148c.png","datePublished":"2025-04-07T23:00:00+00:00","dateModified":"2025-04-07T23:00:00+00:00","author":{"@id":"https:\/\/richardrbmarcus.com\/#\/schema\/person\/aa58247b038c238ff812a2631b63e069"},"description":"Verken de belangrijkste fashion weeks van voorjaar 2025 in New York, Londen, Milaan en Parijs en ontdek de nieuwste mode trends.","breadcrumb":{"@id":"https:\/\/richardrbmarcus.com\/wat-zijn-de-toonaangevende-fashion-weeks-voor-voorjaar-2025\/#breadcrumb"},"inLanguage":"ro-RO","potentialAction":[{"@type":"ReadAction","target":["https:\/\/richardrbmarcus.com\/wat-zijn-de-toonaangevende-fashion-weeks-voor-voorjaar-2025\/"]}]},{"@type":"ImageObject","inLanguage":"ro-RO","@id":"https:\/\/richardrbmarcus.com\/wat-zijn-de-toonaangevende-fashion-weeks-voor-voorjaar-2025\/#primaryimage","url":"https:\/\/richardrbmarcus.com\/wp-content\/uploads\/image501c89b0d9b245d4aceb057679bb148c.png","contentUrl":"https:\/\/richardrbmarcus.com\/wp-content\/uploads\/image501c89b0d9b245d4aceb057679bb148c.png","width":1024,"height":768},{"@type":"BreadcrumbList","@id":"https:\/\/richardrbmarcus.com\/wat-zijn-de-toonaangevende-fashion-weeks-voor-voorjaar-2025\/#breadcrumb","itemListElement":[{"@type":"ListItem","position":1,"name":"Home","item":"https:\/\/richardrbmarcus.com\/"},{"@type":"ListItem","position":2,"name":"Wat zijn de toonaangevende fashion weeks voor voorjaar 2025?"}]},{"@type":"WebSite","@id":"https:\/\/richardrbmarcus.com\/#website","url":"https:\/\/richardrbmarcus.com\/","name":"richardrbmarcus.com","description":"Trendy mode-inspiratie en stijltips voor een tijdloze look","potentialAction":[{"@type":"SearchAction","target":{"@type":"EntryPoint","urlTemplate":"https:\/\/richardrbmarcus.com\/?s={search_term_string}"},"query-input":"required name=search_term_string"}],"inLanguage":"ro-RO"},{"@type":"Person","@id":"https:\/\/richardrbmarcus.com\/#\/schema\/person\/aa58247b038c238ff812a2631b63e069","name":"Eveline Desramaut","image":{"@type":"ImageObject","inLanguage":"ro-RO","@id":"https:\/\/richardrbmarcus.com\/#\/schema\/person\/image\/","url":"https:\/\/richardrbmarcus.com\/wp-content\/uploads\/eveline-desramaut_avatar-96x96.jpg","contentUrl":"https:\/\/richardrbmarcus.com\/wp-content\/uploads\/eveline-desramaut_avatar-96x96.jpg","caption":"Eveline Desramaut"},"description":"Mijn naam is Eveline Desramaut, een mode-expert met een passie voor stijl, trends en zelfexpressie door kleding. Na mijn opleiding aan de Modeacademie in Amsterdam werk ik als stylist, schrijver voor modebladen en geef ik advies over duurzame mode.","url":"https:\/\/richardrbmarcus.com\/ro\/author\/eveline-desramaut\/"}]}},"yoast_meta":{"yoast_wpseo_title":"","yoast_wpseo_metadesc":"","yoast_wpseo_canonical":"https:\/\/richardrbmarcus.com\/ro\/wp-json\/wp\/v2\/posts\/214"},"_links":{"self":[{"href":"https:\/\/richardrbmarcus.com\/ro\/wp-json\/wp\/v2\/posts\/214","targetHints":{"allow":["GET"]}}],"collection":[{"href":"https:\/\/richardrbmarcus.com\/ro\/wp-json\/wp\/v2\/posts"}],"about":[{"href":"https:\/\/richardrbmarcus.com\/ro\/wp-json\/wp\/v2\/types\/post"}],"author":[{"embeddable":true,"href":"https:\/\/richardrbmarcus.com\/ro\/wp-json\/wp\/v2\/users\/1"}],"replies":[{"embeddable":true,"href":"https:\/\/richardrbmarcus.com\/ro\/wp-json\/wp\/v2\/comments?post=214"}],"version-history":[{"count":0,"href":"https:\/\/richardrbmarcus.com\/ro\/wp-json\/wp\/v2\/posts\/214\/revisions"}],"wp:featuredmedia":[{"embeddable":true,"href":"https:\/\/richardrbmarcus.com\/ro\/wp-json\/wp\/v2\/media\/205"}],"wp:attachment":[{"href":"https:\/\/richardrbmarcus.com\/ro\/wp-json\/wp\/v2\/media?parent=214"}],"wp:term":[{"taxonomy":"category","embeddable":true,"href":"https:\/\/richardrbmarcus.com\/ro\/wp-json\/wp\/v2\/categories?post=214"},{"taxonomy":"post_tag","embeddable":true,"href":"https:\/\/richardrbmarcus.com\/ro\/wp-json\/wp\/v2\/tags?post=214"}],"curies":[{"name":"wp","href":"https:\/\/api.w.org\/{rel}","templated":true}]}}