{"id":95,"date":"2025-02-20T00:00:00","date_gmt":"2025-02-20T00:00:00","guid":{"rendered":"https:\/\/richardrbmarcus.com\/?p=95"},"modified":"2025-04-02T12:41:19","modified_gmt":"2025-04-02T11:41:19","slug":"het-alternatieve-model-de-oversized-blazer-en-hoe-je-hem-draagt","status":"publish","type":"post","link":"https:\/\/richardrbmarcus.com\/ro\/het-alternatieve-model-de-oversized-blazer-en-hoe-je-hem-draagt\/","title":{"rendered":"Modelul alternativ: blazerul supradimensionat \u0219i cum s\u0103-l por\u021bi"},"content":{"rendered":"<div class=\"kk-star-ratings kksr-auto kksr-align-left kksr-valign-top\"\n    data-payload='{&quot;align&quot;:&quot;left&quot;,&quot;id&quot;:&quot;95&quot;,&quot;slug&quot;:&quot;default&quot;,&quot;valign&quot;:&quot;top&quot;,&quot;ignore&quot;:&quot;&quot;,&quot;reference&quot;:&quot;auto&quot;,&quot;class&quot;:&quot;&quot;,&quot;count&quot;:&quot;0&quot;,&quot;legendonly&quot;:&quot;&quot;,&quot;readonly&quot;:&quot;&quot;,&quot;score&quot;:&quot;0&quot;,&quot;starsonly&quot;:&quot;&quot;,&quot;best&quot;:&quot;5&quot;,&quot;gap&quot;:&quot;5&quot;,&quot;greet&quot;:&quot;Rate this post&quot;,&quot;legend&quot;:&quot;0\\\/5 - (0 votes)&quot;,&quot;size&quot;:&quot;24&quot;,&quot;title&quot;:&quot;Het alternatieve model: de oversized blazer en hoe je hem draagt&quot;,&quot;width&quot;:&quot;0&quot;,&quot;_legend&quot;:&quot;{score}\\\/{best} - ({count} {votes})&quot;,&quot;font_factor&quot;:&quot;1.25&quot;}'>\n            \n<div class=\"kksr-stars\">\n    \n<div class=\"kksr-stars-inactive\">\n            <div class=\"kksr-star\" data-star=\"1\" style=\"padding-right: 5px\">\n            \n\n<div class=\"kksr-icon\" style=\"width: 24px; height: 24px;\"><\/div>\n        <\/div>\n            <div class=\"kksr-star\" data-star=\"2\" style=\"padding-right: 5px\">\n            \n\n<div class=\"kksr-icon\" style=\"width: 24px; height: 24px;\"><\/div>\n        <\/div>\n            <div class=\"kksr-star\" data-star=\"3\" style=\"padding-right: 5px\">\n            \n\n<div class=\"kksr-icon\" style=\"width: 24px; height: 24px;\"><\/div>\n        <\/div>\n            <div class=\"kksr-star\" data-star=\"4\" style=\"padding-right: 5px\">\n            \n\n<div class=\"kksr-icon\" style=\"width: 24px; height: 24px;\"><\/div>\n        <\/div>\n            <div class=\"kksr-star\" data-star=\"5\" style=\"padding-right: 5px\">\n            \n\n<div class=\"kksr-icon\" style=\"width: 24px; height: 24px;\"><\/div>\n        <\/div>\n    <\/div>\n    \n<div class=\"kksr-stars-active\" style=\"width: 0px;\">\n            <div class=\"kksr-star\" style=\"padding-right: 5px\">\n            \n\n<div class=\"kksr-icon\" style=\"width: 24px; height: 24px;\"><\/div>\n        <\/div>\n            <div class=\"kksr-star\" style=\"padding-right: 5px\">\n            \n\n<div class=\"kksr-icon\" style=\"width: 24px; height: 24px;\"><\/div>\n        <\/div>\n            <div class=\"kksr-star\" style=\"padding-right: 5px\">\n            \n\n<div class=\"kksr-icon\" style=\"width: 24px; height: 24px;\"><\/div>\n        <\/div>\n            <div class=\"kksr-star\" style=\"padding-right: 5px\">\n            \n\n<div class=\"kksr-icon\" style=\"width: 24px; height: 24px;\"><\/div>\n        <\/div>\n            <div class=\"kksr-star\" style=\"padding-right: 5px\">\n            \n\n<div class=\"kksr-icon\" style=\"width: 24px; height: 24px;\"><\/div>\n        <\/div>\n    <\/div>\n<\/div>\n                \n\n<div class=\"kksr-legend\" style=\"font-size: 19.2px;\">\n            <span class=\"kksr-muted\">Evalueaz\u0103 aceast\u0103 postare<\/span>\n    <\/div>\n    <\/div>\n<p>Blazerul supradimensionat a devenit un element de baz\u0103 al modei \u00een ultimii ani. Aceast\u0103 pies\u0103 vestimentar\u0103 versatil\u0103 ofer\u0103 o combina\u021bie perfect\u0103 de confort \u0219i stil, ceea ce o face o favorit\u0103 printre mul\u021bi. Nu este de mirare c\u0103 pasiona\u021bii de mod\u0103 din \u00eentreaga lume au \u00eencorporat blazerul supradimensionat \u00een \u021binutele lor. Cu croiala sa lejer\u0103, acest blazer poate trece cu u\u0219urin\u021b\u0103 de la casual la elegant, \u00een func\u021bie de ocazie. Dar cum profi\u021bi la maximum de aceast\u0103 pies\u0103 vestimentar\u0103 la mod\u0103? \u00cen acest articol, vom analiza diferitele moduri de a purta blazerul supradimensionat, istoria din spatele lui \u0219i sfaturi despre cum s\u0103 te asiguri c\u0103 blazerul t\u0103u arat\u0103 \u00eentotdeauna c\u00e2t mai bine.<\/p>\n<h2>Ce este un blazer supradimensionat?<\/h2>\n<p><img decoding=\"async\" alt=\"Een zelfverzekerde vrouw in een zwart pak loopt door een moderne kantooromgeving met grote ramen.\" src=\"https:\/\/richardrbmarcus.com\/wp-content\/uploads\/imagee17629077dd2482ca120d73c26f16bae.png\"\/><\/p>\n<p>Un sacou supradimensionat difer\u0103 de sacoul tradi\u021bional prin croiala sa inten\u021bionat mai mare. Acest stil este conceput pentru a oferi o senza\u021bie relaxat\u0103, oferind \u00een acela\u0219i timp o not\u0103 de sofisticare. Mai ales \u00eentr-o perioad\u0103 \u00een care confortul este esen\u021bial \u00een mod\u0103, sacoul supradimensionat este o alegere perfect\u0103. \u00cel po\u021bi combina cu o gam\u0103 larg\u0103 de \u021binute, de la blugi la rochii elegante. Aceast\u0103 versatilitate \u00eel face un must-have \u00een orice garderob\u0103. Lucrul unic la sacoul supradimensionat este c\u0103 ajut\u0103 la transformarea unei \u021binute din simpl\u0103 \u00een elegant\u0103 \u00eentr-un mod u\u0219or.<\/p>\n<h2>Istoria sacoului supradimensionat<\/h2>\n<p><img decoding=\"async\" alt=\"Een vrouw in een stijlvolle outfit met een rode jas en een beige trui poseert buiten een caf\u00e9 met sfeerverlichting.\" src=\"https:\/\/richardrbmarcus.com\/wp-content\/uploads\/imagee97a8cd15b1345c98ca163e0b9380631.png\"\/><\/p>\n<p>Sacoul supradimensionat a ap\u0103rut \u00een anii &#039;80 \u0219i &#039;90, o epoc\u0103 cunoscut\u0103 pentru alegerile sale \u00eendr\u0103zne\u021be \u00een materie de mod\u0103. \u00cen aceast\u0103 perioad\u0103, am v\u0103zut at\u00e2t b\u0103rba\u021bi, c\u00e2t \u0219i femei \u00eembr\u0103\u021bi\u0219\u00e2nd aceast\u0103 croial\u0103 relaxat\u0103. Sacoul supradimensionat nu numai c\u0103 a f\u0103cut o declara\u021bie, dar a reflectat \u0219i o schimbare cultural\u0103 c\u0103tre \u00eembr\u0103c\u0103minte mai casual. Mai recent, designerii au re\u00eenviat tendin\u021ba, ad\u0103ug\u00e2nd creativitate \u0219i diversitate \u00een ceea ce prive\u0219te croiala \u0219i stilul. Sacoul a evoluat \u0219i ofer\u0103 acum mai multe oportunit\u0103\u021bi de auto-exprimare ca niciodat\u0103.<\/p>\n<h2>Cum s\u0103 por\u021bi un blazer supradimensionat?<\/h2>\n<p>Exist\u0103 mai multe moduri de a aranja un blazer supradimensionat, ceea ce contribuie la popularitatea sa. Nu conteaz\u0103 dac\u0103 cau\u021bi un look casual sau business, aceast\u0103 pies\u0103 vestimentar\u0103 se potrive\u0219te \u00eentr-o varietate de situa\u021bii. Iat\u0103 c\u00e2teva stiluri de luat \u00een considerare:<\/p>\n<ul>\n<li><strong>\u0218ic casual:<\/strong> Poart\u0103-\u021bi sacoul supradimensionat cu un tricou simplu \u0219i o pereche de blugi pentru un look casual, dar elegant.<\/li>\n<li><strong>Profesional \u0219i elegant:<\/strong> Combin\u0103 blazerul cu pantaloni elegan\u021bi \u0219i pantofi cu toc pentru a crea un look profesional.<\/li>\n<li><strong>Stratificare:<\/strong> Perfect pentru a fi purtat \u00een straturi, po\u021bi purta blazerul peste o bluz\u0103 lung\u0103 sau un pulover tricotat.<\/li>\n<\/ul>\n<table border=\"1\">\n<tr>\n<th>Stil<\/th>\n<th>\u021ainut\u0103<\/th>\n<th>Ocazie<\/th>\n<\/tr>\n<tr>\n<td>\u0218ic casual<\/td>\n<td>Tricou, blugi<\/td>\n<td>Ie\u0219iri zilnice<\/td>\n<\/tr>\n<tr>\n<td>Profesional<\/td>\n<td>Pantaloni, pantofi cu toc<\/td>\n<td>Ateliere<\/td>\n<\/tr>\n<tr>\n<td>Stratificat<\/td>\n<td>Bluz\u0103, pulover<\/td>\n<td>Echipamente de \u00eenc\u0103lzire<\/td>\n<\/tr>\n<\/table>\n<p>Alegerea culorilor \u0219i imprimeurilor potrivite pentru a-\u021bi stiliza sacoul supradimensionat este crucial\u0103. Acest lucru poate da aspectului t\u0103u o not\u0103 complet diferit\u0103 \u0219i poate ajuta la reflectarea personalit\u0103\u021bii tale. Iat\u0103 c\u00e2teva sfaturi pentru alegerea culorilor \u0219i imprimeurilor:<\/p>\n<ul>\n<li><strong>Tonuri neutre:<\/strong> Negrul, albul \u0219i bejul sunt culori clasice care se potrivesc f\u0103r\u0103 efort cu majoritatea \u021binutelor.<\/li>\n<li><strong>Imprimeuri \u0219i modele:<\/strong> Imprimeurile \u00een carouri sau florale pot da \u021binutei tale o not\u0103 juc\u0103u\u0219\u0103.<\/li>\n<li><strong>Culori str\u0103lucitoare:<\/strong> O culoare \u00eendr\u0103znea\u021b\u0103 poate face cu adev\u0103rat o declara\u021bie de stil \u0219i poate da via\u021b\u0103 \u021binutei tale.<\/li>\n<\/ul>\n<h2>\u00cengrijirea \u0219i \u00eentre\u021binerea blazerului t\u0103u supradimensionat<\/h2>\n<p>Pentru a men\u021bine calitatea sacoului t\u0103u supradimensionat, este important s\u0103 \u00eel \u00eengrije\u0219ti cu aten\u021bie. \u00cengrijirea corespunz\u0103toare asigur\u0103 c\u0103 piesa de \u00eembr\u0103c\u0103minte \u00ee\u0219i p\u0103streaz\u0103 aspectul \u0219i aspectul elegant. Iat\u0103 c\u00e2teva sfaturi de \u00eentre\u021binere:<\/p>\n<ul>\n<li><strong>A sp\u0103la:<\/strong> Urma\u021bi \u00eentotdeauna instruc\u021biunile de pe etichet\u0103. De preferin\u021b\u0103, sp\u0103la\u021bi la temperatur\u0103 sc\u0103zut\u0103 \u0219i evita\u021bi usc\u0103torul de rufe.<\/li>\n<li><strong>Depozitare:<\/strong> Ag\u0103\u021ba\u021bi blazerul cu un umera\u0219 lat pentru a preveni deformarea.<\/li>\n<li><strong>Cur\u0103\u021benie regulat\u0103:<\/strong> Cur\u0103\u021ba\u021bi-v\u0103 blazerul \u00een mod regulat pentru a men\u021bine materialul \u00een stare optim\u0103.<\/li>\n<\/ul>\n<h2>Concluzie<\/h2>\n<p>Blazerul supradimensionat este o pies\u0103 esen\u021bial\u0103 \u00een orice garderob\u0103 atent\u0103 la mod\u0103. Versatilitatea \u0219i u\u0219urin\u021ba sa v\u0103 permit s\u0103 purta\u021bi aceast\u0103 pies\u0103 vestimentar\u0103 \u00een multe stiluri diferite. Fie c\u0103 opta\u021bi pentru un look casual cu blugi sau un look profesional cu pantaloni, blazerul supradimensionat ofer\u0103 posibilit\u0103\u021bi nelimitate pentru a v\u0103 face o declara\u021bie de mod\u0103. Aceast\u0103 pies\u0103 vestimentar\u0103 este mai mult dec\u00e2t o simpl\u0103 tendin\u021b\u0103; este un element atemporal care v\u0103 poate duce stilul la nivelul urm\u0103tor.<\/p>\n<h2>\u00centreb\u0103ri frecvente<\/h2>\n<ul>\n<li><strong>Care este diferen\u021ba dintre un sacou supradimensionat \u0219i un sacou obi\u0219nuit?<\/strong><br \/>R: Un sacou supradimensionat are o croial\u0103 mai lejer\u0103, \u00een timp ce un sacou obi\u0219nuit se muleaz\u0103 mai str\u00e2ns pe corp.<\/li>\n<li><strong>Sunt blazerele supradimensionate potrivite pentru orice form\u0103 a corpului?<\/strong><br \/>R: Da, sacourile supradimensionate pot fi de obicei adaptate diferitelor tipuri de corp, mai ales dac\u0103 sunt stilizate corespunz\u0103tor.<\/li>\n<li><strong>Pot purta un blazer supradimensionat vara?<\/strong><br \/>R: Da, un sacou u\u0219or, supradimensionat, confec\u021bionat din materiale respirabile poate fi o op\u021biune elegant\u0103 pentru var\u0103.<\/li>\n<li><strong>Cum pot face un blazer supradimensionat mai casual?<\/strong><br \/>A: Combin\u0103 blazerul cu un tricou simplu \u0219i ni\u0219te pantofi sport pentru o \u021binut\u0103 relaxat\u0103, casual.<\/li>\n<li><strong>De unde pot cump\u0103ra un blazer supradimensionat bun?<\/strong><br \/>R: Sacourile supradimensionate pot fi g\u0103site la mul\u021bi comercian\u021bi de mod\u0103, at\u00e2t online, c\u00e2t \u0219i \u00een magazine fizice. C\u0103uta\u021bi m\u0103rci specializate \u00een haine la mod\u0103 \u0219i versatile.<\/li>\n<\/ul>","protected":false},"excerpt":{"rendered":"<p>Blazerul supradimensionat a devenit un element de baz\u0103 \u00een mod\u0103 \u00een ultimii ani. Aceast\u0103 pies\u0103 vestimentar\u0103 versatil\u0103 ofer\u0103 o combina\u021bie perfect\u0103 de confort \u0219i stil, f\u0103c\u00e2ndu-l...<\/p>","protected":false},"author":3,"featured_media":83,"comment_status":"closed","ping_status":"closed","sticky":false,"template":"","format":"standard","meta":{"_acf_changed":false,"footnotes":""},"categories":[1],"tags":[],"class_list":["post-95","post","type-post","status-publish","format-standard","has-post-thumbnail","hentry","category-bloggen"],"acf":[],"yoast_head":"<!-- This site is optimized with the Yoast SEO plugin v23.2 - https:\/\/yoast.com\/wordpress\/plugins\/seo\/ -->\n<title>De Oversized Blazer: De Perfecte Gids voor Stijlvolle Outfits<\/title>\n<meta name=\"description\" content=\"Ontdek de veelzijdigheid van de oversized blazer en leer hoe je dit trendy kledingstuk stijlvol kunt dragen voor elke gelegenheid!\" \/>\n<meta name=\"robots\" content=\"index, follow, max-snippet:-1, max-image-preview:large, max-video-preview:-1\" \/>\n<link rel=\"canonical\" href=\"https:\/\/richardrbmarcus.com\/ro\/het-alternatieve-model-de-oversized-blazer-en-hoe-je-hem-draagt\/\" \/>\n<meta property=\"og:locale\" content=\"ro_RO\" \/>\n<meta property=\"og:type\" content=\"article\" \/>\n<meta property=\"og:title\" content=\"De Oversized Blazer: De Perfecte Gids voor Stijlvolle Outfits\" \/>\n<meta property=\"og:description\" content=\"Ontdek de veelzijdigheid van de oversized blazer en leer hoe je dit trendy kledingstuk stijlvol kunt dragen voor elke gelegenheid!\" \/>\n<meta property=\"og:url\" content=\"https:\/\/richardrbmarcus.com\/ro\/het-alternatieve-model-de-oversized-blazer-en-hoe-je-hem-draagt\/\" \/>\n<meta property=\"og:site_name\" content=\"richardrbmarcus.com\" \/>\n<meta property=\"article:published_time\" content=\"2025-02-20T00:00:00+00:00\" \/>\n<meta property=\"article:modified_time\" content=\"2025-04-02T11:41:19+00:00\" \/>\n<meta property=\"og:image\" content=\"https:\/\/richardrbmarcus.com\/wp-content\/uploads\/image5ac03b571bac4a7886d591bce82bc394.png\" \/>\n\t<meta property=\"og:image:width\" content=\"1024\" \/>\n\t<meta property=\"og:image:height\" content=\"768\" \/>\n\t<meta property=\"og:image:type\" content=\"image\/png\" \/>\n<meta name=\"author\" content=\"Elvira Dijkstra\" \/>\n<meta name=\"twitter:card\" content=\"summary_large_image\" \/>\n<meta name=\"twitter:label1\" content=\"Scris de\" \/>\n\t<meta name=\"twitter:data1\" content=\"Elvira Dijkstra\" \/>\n\t<meta name=\"twitter:label2\" content=\"Timp estimat pentru citire\" \/>\n\t<meta name=\"twitter:data2\" content=\"4 minute\" \/>\n<script type=\"application\/ld+json\" class=\"yoast-schema-graph\">{\"@context\":\"https:\/\/schema.org\",\"@graph\":[{\"@type\":\"WebPage\",\"@id\":\"https:\/\/richardrbmarcus.com\/het-alternatieve-model-de-oversized-blazer-en-hoe-je-hem-draagt\/\",\"url\":\"https:\/\/richardrbmarcus.com\/het-alternatieve-model-de-oversized-blazer-en-hoe-je-hem-draagt\/\",\"name\":\"De Oversized Blazer: De Perfecte Gids voor Stijlvolle Outfits\",\"isPartOf\":{\"@id\":\"https:\/\/richardrbmarcus.com\/#website\"},\"primaryImageOfPage\":{\"@id\":\"https:\/\/richardrbmarcus.com\/het-alternatieve-model-de-oversized-blazer-en-hoe-je-hem-draagt\/#primaryimage\"},\"image\":{\"@id\":\"https:\/\/richardrbmarcus.com\/het-alternatieve-model-de-oversized-blazer-en-hoe-je-hem-draagt\/#primaryimage\"},\"thumbnailUrl\":\"https:\/\/richardrbmarcus.com\/wp-content\/uploads\/image5ac03b571bac4a7886d591bce82bc394.png\",\"datePublished\":\"2025-02-20T00:00:00+00:00\",\"dateModified\":\"2025-04-02T11:41:19+00:00\",\"author\":{\"@id\":\"https:\/\/richardrbmarcus.com\/#\/schema\/person\/5f7c0f30235b7a27b9ba78971e785206\"},\"description\":\"Ontdek de veelzijdigheid van de oversized blazer en leer hoe je dit trendy kledingstuk stijlvol kunt dragen voor elke gelegenheid!\",\"breadcrumb\":{\"@id\":\"https:\/\/richardrbmarcus.com\/het-alternatieve-model-de-oversized-blazer-en-hoe-je-hem-draagt\/#breadcrumb\"},\"inLanguage\":\"ro-RO\",\"potentialAction\":[{\"@type\":\"ReadAction\",\"target\":[\"https:\/\/richardrbmarcus.com\/het-alternatieve-model-de-oversized-blazer-en-hoe-je-hem-draagt\/\"]}]},{\"@type\":\"ImageObject\",\"inLanguage\":\"ro-RO\",\"@id\":\"https:\/\/richardrbmarcus.com\/het-alternatieve-model-de-oversized-blazer-en-hoe-je-hem-draagt\/#primaryimage\",\"url\":\"https:\/\/richardrbmarcus.com\/wp-content\/uploads\/image5ac03b571bac4a7886d591bce82bc394.png\",\"contentUrl\":\"https:\/\/richardrbmarcus.com\/wp-content\/uploads\/image5ac03b571bac4a7886d591bce82bc394.png\",\"width\":1024,\"height\":768},{\"@type\":\"BreadcrumbList\",\"@id\":\"https:\/\/richardrbmarcus.com\/het-alternatieve-model-de-oversized-blazer-en-hoe-je-hem-draagt\/#breadcrumb\",\"itemListElement\":[{\"@type\":\"ListItem\",\"position\":1,\"name\":\"Home\",\"item\":\"https:\/\/richardrbmarcus.com\/\"},{\"@type\":\"ListItem\",\"position\":2,\"name\":\"Het alternatieve model: de oversized blazer en hoe je hem draagt\"}]},{\"@type\":\"WebSite\",\"@id\":\"https:\/\/richardrbmarcus.com\/#website\",\"url\":\"https:\/\/richardrbmarcus.com\/\",\"name\":\"richardrbmarcus.com\",\"description\":\"Trendy mode-inspiratie en stijltips voor een tijdloze look\",\"potentialAction\":[{\"@type\":\"SearchAction\",\"target\":{\"@type\":\"EntryPoint\",\"urlTemplate\":\"https:\/\/richardrbmarcus.com\/?s={search_term_string}\"},\"query-input\":\"required name=search_term_string\"}],\"inLanguage\":\"ro-RO\"},{\"@type\":\"Person\",\"@id\":\"https:\/\/richardrbmarcus.com\/#\/schema\/person\/5f7c0f30235b7a27b9ba78971e785206\",\"name\":\"Elvira Dijkstra\",\"image\":{\"@type\":\"ImageObject\",\"inLanguage\":\"ro-RO\",\"@id\":\"https:\/\/richardrbmarcus.com\/#\/schema\/person\/image\/\",\"url\":\"https:\/\/richardrbmarcus.com\/wp-content\/uploads\/elvira-dijkstra_avatar-96x96.jpg\",\"contentUrl\":\"https:\/\/richardrbmarcus.com\/wp-content\/uploads\/elvira-dijkstra_avatar-96x96.jpg\",\"caption\":\"Elvira Dijkstra\"},\"description\":\"Ik ben Elvira Dijkstra, een mode-expert. Na mijn studie aan de Academie voor Mode en Design heb ik ervaring opgedaan als modeconsulent, stylist en schrijver voor modebladen. Mijn werk draait om het toegankelijk maken van mode, zodat iedereen zijn of haar persoonlijke stijl kan vinden en zich zelfverzekerd kan voelen.\",\"url\":\"https:\/\/richardrbmarcus.com\/ro\/author\/elvira-dijkstra\/\"}]}<\/script>\n<!-- \/ Yoast SEO plugin. -->","yoast_head_json":{"title":"De Oversized Blazer: De Perfecte Gids voor Stijlvolle Outfits","description":"Ontdek de veelzijdigheid van de oversized blazer en leer hoe je dit trendy kledingstuk stijlvol kunt dragen voor elke gelegenheid!","robots":{"index":"index","follow":"follow","max-snippet":"max-snippet:-1","max-image-preview":"max-image-preview:large","max-video-preview":"max-video-preview:-1"},"canonical":"https:\/\/richardrbmarcus.com\/ro\/het-alternatieve-model-de-oversized-blazer-en-hoe-je-hem-draagt\/","og_locale":"ro_RO","og_type":"article","og_title":"De Oversized Blazer: De Perfecte Gids voor Stijlvolle Outfits","og_description":"Ontdek de veelzijdigheid van de oversized blazer en leer hoe je dit trendy kledingstuk stijlvol kunt dragen voor elke gelegenheid!","og_url":"https:\/\/richardrbmarcus.com\/ro\/het-alternatieve-model-de-oversized-blazer-en-hoe-je-hem-draagt\/","og_site_name":"richardrbmarcus.com","article_published_time":"2025-02-20T00:00:00+00:00","article_modified_time":"2025-04-02T11:41:19+00:00","og_image":[{"width":1024,"height":768,"url":"https:\/\/richardrbmarcus.com\/wp-content\/uploads\/image5ac03b571bac4a7886d591bce82bc394.png","type":"image\/png"}],"author":"Elvira Dijkstra","twitter_card":"summary_large_image","twitter_misc":{"Scris de":"Elvira Dijkstra","Timp estimat pentru citire":"4 minute"},"schema":{"@context":"https:\/\/schema.org","@graph":[{"@type":"WebPage","@id":"https:\/\/richardrbmarcus.com\/het-alternatieve-model-de-oversized-blazer-en-hoe-je-hem-draagt\/","url":"https:\/\/richardrbmarcus.com\/het-alternatieve-model-de-oversized-blazer-en-hoe-je-hem-draagt\/","name":"De Oversized Blazer: De Perfecte Gids voor Stijlvolle Outfits","isPartOf":{"@id":"https:\/\/richardrbmarcus.com\/#website"},"primaryImageOfPage":{"@id":"https:\/\/richardrbmarcus.com\/het-alternatieve-model-de-oversized-blazer-en-hoe-je-hem-draagt\/#primaryimage"},"image":{"@id":"https:\/\/richardrbmarcus.com\/het-alternatieve-model-de-oversized-blazer-en-hoe-je-hem-draagt\/#primaryimage"},"thumbnailUrl":"https:\/\/richardrbmarcus.com\/wp-content\/uploads\/image5ac03b571bac4a7886d591bce82bc394.png","datePublished":"2025-02-20T00:00:00+00:00","dateModified":"2025-04-02T11:41:19+00:00","author":{"@id":"https:\/\/richardrbmarcus.com\/#\/schema\/person\/5f7c0f30235b7a27b9ba78971e785206"},"description":"Ontdek de veelzijdigheid van de oversized blazer en leer hoe je dit trendy kledingstuk stijlvol kunt dragen voor elke gelegenheid!","breadcrumb":{"@id":"https:\/\/richardrbmarcus.com\/het-alternatieve-model-de-oversized-blazer-en-hoe-je-hem-draagt\/#breadcrumb"},"inLanguage":"ro-RO","potentialAction":[{"@type":"ReadAction","target":["https:\/\/richardrbmarcus.com\/het-alternatieve-model-de-oversized-blazer-en-hoe-je-hem-draagt\/"]}]},{"@type":"ImageObject","inLanguage":"ro-RO","@id":"https:\/\/richardrbmarcus.com\/het-alternatieve-model-de-oversized-blazer-en-hoe-je-hem-draagt\/#primaryimage","url":"https:\/\/richardrbmarcus.com\/wp-content\/uploads\/image5ac03b571bac4a7886d591bce82bc394.png","contentUrl":"https:\/\/richardrbmarcus.com\/wp-content\/uploads\/image5ac03b571bac4a7886d591bce82bc394.png","width":1024,"height":768},{"@type":"BreadcrumbList","@id":"https:\/\/richardrbmarcus.com\/het-alternatieve-model-de-oversized-blazer-en-hoe-je-hem-draagt\/#breadcrumb","itemListElement":[{"@type":"ListItem","position":1,"name":"Home","item":"https:\/\/richardrbmarcus.com\/"},{"@type":"ListItem","position":2,"name":"Het alternatieve model: de oversized blazer en hoe je hem draagt"}]},{"@type":"WebSite","@id":"https:\/\/richardrbmarcus.com\/#website","url":"https:\/\/richardrbmarcus.com\/","name":"richardrbmarcus.com","description":"Trendy mode-inspiratie en stijltips voor een tijdloze look","potentialAction":[{"@type":"SearchAction","target":{"@type":"EntryPoint","urlTemplate":"https:\/\/richardrbmarcus.com\/?s={search_term_string}"},"query-input":"required name=search_term_string"}],"inLanguage":"ro-RO"},{"@type":"Person","@id":"https:\/\/richardrbmarcus.com\/#\/schema\/person\/5f7c0f30235b7a27b9ba78971e785206","name":"Elvira Dijkstra","image":{"@type":"ImageObject","inLanguage":"ro-RO","@id":"https:\/\/richardrbmarcus.com\/#\/schema\/person\/image\/","url":"https:\/\/richardrbmarcus.com\/wp-content\/uploads\/elvira-dijkstra_avatar-96x96.jpg","contentUrl":"https:\/\/richardrbmarcus.com\/wp-content\/uploads\/elvira-dijkstra_avatar-96x96.jpg","caption":"Elvira Dijkstra"},"description":"Ik ben Elvira Dijkstra, een mode-expert. Na mijn studie aan de Academie voor Mode en Design heb ik ervaring opgedaan als modeconsulent, stylist en schrijver voor modebladen. Mijn werk draait om het toegankelijk maken van mode, zodat iedereen zijn of haar persoonlijke stijl kan vinden en zich zelfverzekerd kan voelen.","url":"https:\/\/richardrbmarcus.com\/ro\/author\/elvira-dijkstra\/"}]}},"yoast_meta":{"yoast_wpseo_title":"","yoast_wpseo_metadesc":"","yoast_wpseo_canonical":"https:\/\/richardrbmarcus.com\/ro\/wp-json\/wp\/v2\/posts\/95"},"_links":{"self":[{"href":"https:\/\/richardrbmarcus.com\/ro\/wp-json\/wp\/v2\/posts\/95","targetHints":{"allow":["GET"]}}],"collection":[{"href":"https:\/\/richardrbmarcus.com\/ro\/wp-json\/wp\/v2\/posts"}],"about":[{"href":"https:\/\/richardrbmarcus.com\/ro\/wp-json\/wp\/v2\/types\/post"}],"author":[{"embeddable":true,"href":"https:\/\/richardrbmarcus.com\/ro\/wp-json\/wp\/v2\/users\/3"}],"replies":[{"embeddable":true,"href":"https:\/\/richardrbmarcus.com\/ro\/wp-json\/wp\/v2\/comments?post=95"}],"version-history":[{"count":2,"href":"https:\/\/richardrbmarcus.com\/ro\/wp-json\/wp\/v2\/posts\/95\/revisions"}],"predecessor-version":[{"id":174,"href":"https:\/\/richardrbmarcus.com\/ro\/wp-json\/wp\/v2\/posts\/95\/revisions\/174"}],"wp:featuredmedia":[{"embeddable":true,"href":"https:\/\/richardrbmarcus.com\/ro\/wp-json\/wp\/v2\/media\/83"}],"wp:attachment":[{"href":"https:\/\/richardrbmarcus.com\/ro\/wp-json\/wp\/v2\/media?parent=95"}],"wp:term":[{"taxonomy":"category","embeddable":true,"href":"https:\/\/richardrbmarcus.com\/ro\/wp-json\/wp\/v2\/categories?post=95"},{"taxonomy":"post_tag","embeddable":true,"href":"https:\/\/richardrbmarcus.com\/ro\/wp-json\/wp\/v2\/tags?post=95"}],"curies":[{"name":"wp","href":"https:\/\/api.w.org\/{rel}","templated":true}]}}