{"id":96,"date":"2025-02-21T00:00:00","date_gmt":"2025-02-21T00:00:00","guid":{"rendered":"https:\/\/richardrbmarcus.com\/?p=96"},"modified":"2025-04-02T12:41:19","modified_gmt":"2025-04-02T11:41:19","slug":"wat-te-dragen-naar-een-sollicitatiegesprek-in-de-winter","status":"publish","type":"post","link":"https:\/\/richardrbmarcus.com\/ro\/wat-te-dragen-naar-een-sollicitatiegesprek-in-de-winter\/","title":{"rendered":"Ce s\u0103 por\u021bi la un interviu de angajare de iarn\u0103"},"content":{"rendered":"<div class=\"kk-star-ratings kksr-auto kksr-align-left kksr-valign-top\"\n    data-payload='{&quot;align&quot;:&quot;left&quot;,&quot;id&quot;:&quot;96&quot;,&quot;slug&quot;:&quot;default&quot;,&quot;valign&quot;:&quot;top&quot;,&quot;ignore&quot;:&quot;&quot;,&quot;reference&quot;:&quot;auto&quot;,&quot;class&quot;:&quot;&quot;,&quot;count&quot;:&quot;0&quot;,&quot;legendonly&quot;:&quot;&quot;,&quot;readonly&quot;:&quot;&quot;,&quot;score&quot;:&quot;0&quot;,&quot;starsonly&quot;:&quot;&quot;,&quot;best&quot;:&quot;5&quot;,&quot;gap&quot;:&quot;5&quot;,&quot;greet&quot;:&quot;Rate this post&quot;,&quot;legend&quot;:&quot;0\\\/5 - (0 votes)&quot;,&quot;size&quot;:&quot;24&quot;,&quot;title&quot;:&quot;Wat te dragen naar een sollicitatiegesprek in de winter&quot;,&quot;width&quot;:&quot;0&quot;,&quot;_legend&quot;:&quot;{score}\\\/{best} - ({count} {votes})&quot;,&quot;font_factor&quot;:&quot;1.25&quot;}'>\n            \n<div class=\"kksr-stars\">\n    \n<div class=\"kksr-stars-inactive\">\n            <div class=\"kksr-star\" data-star=\"1\" style=\"padding-right: 5px\">\n            \n\n<div class=\"kksr-icon\" style=\"width: 24px; height: 24px;\"><\/div>\n        <\/div>\n            <div class=\"kksr-star\" data-star=\"2\" style=\"padding-right: 5px\">\n            \n\n<div class=\"kksr-icon\" style=\"width: 24px; height: 24px;\"><\/div>\n        <\/div>\n            <div class=\"kksr-star\" data-star=\"3\" style=\"padding-right: 5px\">\n            \n\n<div class=\"kksr-icon\" style=\"width: 24px; height: 24px;\"><\/div>\n        <\/div>\n            <div class=\"kksr-star\" data-star=\"4\" style=\"padding-right: 5px\">\n            \n\n<div class=\"kksr-icon\" style=\"width: 24px; height: 24px;\"><\/div>\n        <\/div>\n            <div class=\"kksr-star\" data-star=\"5\" style=\"padding-right: 5px\">\n            \n\n<div class=\"kksr-icon\" style=\"width: 24px; height: 24px;\"><\/div>\n        <\/div>\n    <\/div>\n    \n<div class=\"kksr-stars-active\" style=\"width: 0px;\">\n            <div class=\"kksr-star\" style=\"padding-right: 5px\">\n            \n\n<div class=\"kksr-icon\" style=\"width: 24px; height: 24px;\"><\/div>\n        <\/div>\n            <div class=\"kksr-star\" style=\"padding-right: 5px\">\n            \n\n<div class=\"kksr-icon\" style=\"width: 24px; height: 24px;\"><\/div>\n        <\/div>\n            <div class=\"kksr-star\" style=\"padding-right: 5px\">\n            \n\n<div class=\"kksr-icon\" style=\"width: 24px; height: 24px;\"><\/div>\n        <\/div>\n            <div class=\"kksr-star\" style=\"padding-right: 5px\">\n            \n\n<div class=\"kksr-icon\" style=\"width: 24px; height: 24px;\"><\/div>\n        <\/div>\n            <div class=\"kksr-star\" style=\"padding-right: 5px\">\n            \n\n<div class=\"kksr-icon\" style=\"width: 24px; height: 24px;\"><\/div>\n        <\/div>\n    <\/div>\n<\/div>\n                \n\n<div class=\"kksr-legend\" style=\"font-size: 19.2px;\">\n            <span class=\"kksr-muted\">Evalueaz\u0103 aceast\u0103 postare<\/span>\n    <\/div>\n    <\/div>\n<p>Alegerea \u021binutei potrivite pentru un interviu de angajare de iarn\u0103 poate fi o adev\u0103rat\u0103 provocare. \u00cen timp ce te preg\u0103te\u0219ti pentru o conversa\u021bie important\u0103, temperaturile sc\u0103zute \u0219i vremea imprevizibil\u0103 pot amenin\u021ba s\u0103-\u021bi strice stilul. Este important s\u0103 g\u0103se\u0219ti un echilibru \u00eentre confort, profesionalism \u0219i stil, astfel \u00eenc\u00e2t s\u0103 po\u021bi aborda interviul cu \u00eencredere. A\u0219adar, ce ar trebui s\u0103 por\u021bi? Exist\u0103 mai mul\u021bi factori de luat \u00een considerare, inclusiv tipul de rol pentru care aplici, cultura companiei \u0219i, bine\u00een\u021beles, vremea. \u00cen acest articol, \u00ee\u021bi vom ar\u0103ta sfaturi \u0219i \u00eendrum\u0103ri esen\u021biale pentru a te asigura c\u0103 nu doar ar\u0103\u021bi bine, ci \u0219i c\u0103 te sim\u021bi confortabil. Hai s\u0103 facem \u00eempreun\u0103 alegerile corecte pentru acel moment important.<\/p>\n<h2>Vremea \u0219i alegerea ta de \u00eembr\u0103c\u0103minte<\/h2>\n<p><img decoding=\"async\" alt=\"Een man in een zwart pak met een rode stropdas die zijn stropdas recht trekt voor een moderne kantoorgebouw.\" src=\"https:\/\/richardrbmarcus.com\/wp-content\/uploads\/image91e9210e92de4db98be9dbff51d7e2a0.png\"\/><\/p>\n<p>Vremea de iarn\u0103 influen\u021beaz\u0103 alegerile pe care le facem c\u00e2nd vine vorba de \u021binute. Pe temperaturi sc\u0103zute, nu vrei doar s\u0103 ar\u0103\u021bi bine, ci \u0219i s\u0103 te \u00eenc\u0103lze\u0219ti. Stratul superior, care acoper\u0103 \u021binuta de baz\u0103 aleas\u0103, ar trebui s\u0103 fie nu doar protector, ci \u0219i elegant. Atunci c\u00e2nd adaugi straturi, asigur\u0103-te c\u0103 fiecare strat se potrive\u0219te cu restul \u021binutei. Alege materiale care sunt confortabile pe piele, dar care ofer\u0103 \u0219i o izola\u021bie suficient\u0103 \u00eempotriva frigului. De asemenea, poate fi util s\u0103 verifici prognoza meteo \u00eenainte de a-\u021bi alc\u0103tui \u021binuta.<\/p>\n<p>O \u021binut\u0103 de baz\u0103 solid\u0103 este important\u0103. O pereche de pantaloni \u00eengriji\u021bi sau o fust\u0103 formeaz\u0103 o baz\u0103 perfect\u0103 pentru alegerea vestimentar\u0103 ulterioar\u0103. Apoi, combin\u0103-le cu o bluz\u0103 frumoas\u0103 sau un pulover la mod\u0103. G\u00e2nde\u0219te-te \u0219i la cum se poate schimba temperatura c\u00e2nd intri \u00een cas\u0103. Aleg\u00e2nd straturi, te po\u021bi adapta rapid la temperatur\u0103, f\u0103r\u0103 ca \u021binuta ta s\u0103 sufere de frig.<\/p>\n<h2>Materialele potrivite<\/h2>\n<p><img decoding=\"async\" alt=\"Groep mensen poseert samen voor een raam met uitzicht op sneeuwbedekte bomen, in een kantoorruimte.\" src=\"https:\/\/richardrbmarcus.com\/wp-content\/uploads\/image6a7d0af70f4c491b8c1b3e66c18a2c5d.png\"\/><\/p>\n<p>Alege\u021bi \u00eentotdeauna materiale care nu sunt doar frumoase, ci ofer\u0103 \u0219i c\u0103ldur\u0103. Iarna, \u021bes\u0103turile respirabile, dar izolante, pot contribui semnificativ la confortul dumneavoastr\u0103 general. Materiale precum l\u00e2na, ca\u0219mirul \u0219i fleece-ul nu sunt doar elegante, ci ofer\u0103 \u0219i o not\u0103 special\u0103 \u00een vremea de iarn\u0103. \u021aes\u0103turile pot capta c\u0103ldura corpului f\u0103r\u0103 a se sim\u021bi prea grele. De asemenea, este bine s\u0103 lua\u021bi \u00een considerare importan\u021ba alegerii culorilor; culorile mai \u00eenchise pot oferi o imagine mai elegant\u0103 \u0219i mai profesional\u0103.<\/p>\n<p>Concentreaz\u0103-te pe materiale care se potrivesc bine cu un aspect formal. L\u00e2na \u0219i ca\u0219mirul sunt alegeri excelente; acestea p\u0103streaz\u0103 c\u0103ldura, oferind \u00een acela\u0219i timp un aspect sofisticat. Sinteticele pot oferi un aspect elegant, dar necesit\u0103 pu\u021bin\u0103 sau deloc stilizare. Scopul este de a g\u0103si echilibrul perfect \u00eentre practic \u0219i estetic\u0103. Mai jos este un tabel cu c\u00e2teva materiale potrivite \u0219i caracteristicile lor:<\/p>\n<table border=\"1\">\n<tr>\n<th>Material<\/th>\n<th>Caracteristici<\/th>\n<\/tr>\n<tr>\n<td>L\u00e2n\u0103<\/td>\n<td>Izolare adecvat\u0103, respirabil, aspect luxos<\/td>\n<\/tr>\n<tr>\n<td>Ca\u015fmir<\/td>\n<td>Ultra moale, c\u0103lduros, necesit\u0103 \u00eengrijire special\u0103<\/td>\n<\/tr>\n<tr>\n<td>L\u00e2n\u0103<\/td>\n<td>Op\u021biune u\u0219oar\u0103 \u0219i c\u0103lduroas\u0103 pentru \u021binute casual<\/td>\n<\/tr>\n<tr>\n<td>Material \u021besut<\/td>\n<td>Elegant, stilat, potrivit pentru \u021binute mai formale<\/td>\n<\/tr>\n<\/table>\n<h2>\u00cenc\u0103l\u021b\u0103minte pentru un interviu de angajare de iarn\u0103<\/h2>\n<p>Pantofii sunt o parte crucial\u0103 a \u021binutei tale. Alegerea celor potrivi\u021bi poate face o diferen\u021b\u0103 enorm\u0103 \u00een felul \u00een care ar\u0103\u021bi. \u00cenc\u0103l\u021b\u0103mintea confortabil\u0103 \u0219i profesional\u0103 este esen\u021bial\u0103, mai ales atunci c\u00e2nd mergi la sau revii la un interviu. Cizmele cu toc jos sunt adesea o op\u021biune bun\u0103, deoarece sunt at\u00e2t elegante, c\u00e2t \u0219i practice. Asigur\u0103-te c\u0103 pantofii sunt bine lustrui\u021bi \u0219i se potrivesc cu restul \u021binutei, astfel \u00eenc\u00e2t s\u0103 creezi un aspect unitar.<\/p>\n<p>\u00cen timpul unui interviu de angajare, nu vrei ca pantofii s\u0103 te distrag\u0103 sau s\u0103 te fac\u0103 s\u0103 te sim\u021bi inconfortabil. Este esen\u021bial s\u0103 alegi o pereche de pantofi pe care s\u0103 \u00eei po\u021bi purta confortabil. \u00centreab\u0103 despre tipul de pardoseal\u0103 din cl\u0103direa \u00een care e\u0219ti intervievat; dac\u0103 este mochetat\u0103, o alt\u0103 alegere de pantofi ar putea fi potrivit\u0103 dec\u00e2t pe o pardoseal\u0103 dur\u0103. De asemenea, nu uita c\u0103 vei merge pe jos la interviu, a\u0219a c\u0103 pantofii confortabili \u00ee\u021bi vor face via\u021ba mult mai u\u0219oar\u0103.<\/p>\n<h2>Accesorii \u0219i \u00eembr\u0103c\u0103minte pentru exterior<\/h2>\n<p>Accesoriile sunt o modalitate excelent\u0103 de a-\u021bi personaliza \u021binuta, dar trebuie s\u0103 fie \u0219i func\u021bionale. Iarna, o hain\u0103 bun\u0103 este esen\u021bial\u0103. Opteaz\u0103 pentru o hain\u0103 de iarn\u0103 elegant\u0103 \u0219i c\u0103lduroas\u0103, care poate fi u\u0219or purtat\u0103 peste \u021binut\u0103. Ad\u0103ugarea de accesorii precum o e\u0219arf\u0103 \u0219i m\u0103nu\u0219i nu numai c\u0103 poate face o declara\u021bie, dar te poate \u0219i \u021bine de cald. Asigur\u0103-te c\u0103 aceste accesorii completeaz\u0103 \u0219i aspectul general. Iat\u0103 c\u00e2teva sugestii de accesorizare:<\/p>\n<ul>\n<li>E\u0219arfe c\u0103lduroase \u00een culori neutre sau asortate<\/li>\n<li>M\u0103nu\u0219i din piele finisate cu grij\u0103<\/li>\n<li>O p\u0103l\u0103rie elegant\u0103, dac\u0103 este nevoie<\/li>\n<\/ul>\n<h2>Considera\u021bii etnice \u0219i culturale<\/h2>\n<p>Atunci c\u00e2nd alegi o \u021binut\u0103 pentru un interviu de angajare, este important s\u0103 iei \u00een considerare normele \u0219i valorile culturale. \u00cen\u021belegerea culturii companiei este esen\u021bial\u0103 pentru a face o prim\u0103 impresie bun\u0103. Asigur\u0103-te c\u0103 te ui\u021bi la componen\u021ba angaja\u021bilor \u0219i la sistemele implementate de companie. Acest lucru te poate ajuta s\u0103 alegi o \u021binut\u0103 care este nu doar potrivit\u0103, ci \u0219i respectuoas\u0103, \u00een func\u021bie de mediul \u00een care participi la interviu. \u00centreab\u0103-te \u00een prealabil despre codul vestimentar al companiei. Acest lucru te poate ajuta s\u0103 faci o impresie bun\u0103. \u00cen plus, este important s\u0103 iei \u00een considerare:<\/p>\n<ul>\n<li>Atmosfera formal\u0103 sau informal\u0103 a companiei<\/li>\n<li>Utilizarea culorilor care se potrivesc cu compania<\/li>\n<li>Experien\u021bele anterioare \u0219i cum \u0219i-au ales \u021binuta<\/li>\n<\/ul>\n<h2>Concluzie<\/h2>\n<p>Alegerea \u021binutei potrivite pentru un interviu de angajare de iarn\u0103 este crucial\u0103. Lu\u00e2nd \u00een considerare vremea, materialele, \u00eenc\u0103l\u021b\u0103mintea \u0219i cultura companiei, po\u021bi aborda interviul cu \u00eencredere. Nu uita c\u0103 aspectul \u0219i \u00eencrederea ta sunt la fel de importante ca alegerea hainelor. Acord\u0103-\u021bi timp pentru a-\u021bi preg\u0103ti \u021binuta \u0219i asigur\u0103-te c\u0103 te sim\u021bi confortabil \u00een ea. Urm\u00e2nd aceste sfaturi, vei fi bine preg\u0103tit pentru interviu \u0219i vei putea prezenta cea mai bun\u0103 versiune a ta. Mult succes la interviu!<\/p>\n<h2>\u00centreb\u0103ri frecvente<\/h2>\n<ul>\n<li><strong>Ce ar trebui s\u0103 port dac\u0103 este foarte frig \u00een timpul unui interviu de angajare?<\/strong> Opteaz\u0103 pentru mai multe straturi, cum ar fi o bluz\u0103 \u00eengrijit\u0103 cu un pulover c\u0103lduros \u0219i o hain\u0103 elegant\u0103 de iarn\u0103. <\/li>\n<li><strong>Sunt blugii potrivi\u021bi pentru un interviu de angajare de iarn\u0103?<\/strong> Acest lucru depinde de cultura companiei. \u00cen unele cazuri, blugii \u00eenchi\u0219i la culoare, \u00eengriji\u021bi, pot fi acceptabili, dar, de obicei, pantalonii sau o fust\u0103 sunt o alegere mai sigur\u0103. <\/li>\n<li><strong>C\u00e2t de importante sunt accesoriile \u00een timpul unui interviu de angajare?<\/strong> Accesoriile pot completa o \u021binut\u0103 \u0219i pot ad\u0103uga o not\u0103 personal\u0103, dar asigur\u0103-te c\u0103 nu sunt prea stridente. <\/li>\n<li><strong>Trebuie s\u0103 port \u00eentotdeauna pantofi noi la un interviu de angajare?<\/strong> Este recomandabil s\u0103 v\u0103 potrivi\u021bi \u0219i s\u0103 fi\u021bi \u00eengriji\u021bi pantofii, dar nu trebuie neap\u0103rat s\u0103 fie noi. <\/li>\n<li><strong>Cum pot g\u0103si un echilibru \u00eentre a m\u0103 \u00eembr\u0103ca c\u0103lduros \u0219i a m\u0103 \u00eembr\u0103ca profesional?<\/strong> Concentreaz\u0103-te pe materiale care ofer\u0103 c\u0103ldur\u0103 f\u0103r\u0103 a compromite stilul, cum ar fi l\u00e2na sau ca\u0219mirul, \u0219i opteaz\u0103 pentru jachete c\u0103ptu\u0219ite bune. <\/li>\n<\/ul>","protected":false},"excerpt":{"rendered":"<p>Alegerea hainelor potrivite pentru un interviu de angajare de iarn\u0103 poate fi o adev\u0103rat\u0103 provocare. \u00cen timp ce te preg\u0103te\u0219ti pentru o conversa\u021bie important\u0103,...<\/p>","protected":false},"author":3,"featured_media":80,"comment_status":"closed","ping_status":"closed","sticky":false,"template":"","format":"standard","meta":{"_acf_changed":false,"footnotes":""},"categories":[1],"tags":[],"class_list":["post-96","post","type-post","status-publish","format-standard","has-post-thumbnail","hentry","category-bloggen"],"acf":[],"yoast_head":"<!-- This site is optimized with the Yoast SEO plugin v23.2 - https:\/\/yoast.com\/wordpress\/plugins\/seo\/ -->\n<title>Wat te dragen naar een sollicitatiegesprek in de winter: Tips voor de perfecte outfit<\/title>\n<meta name=\"description\" content=\"Ontdek essenti\u00eble tips voor het kiezen van winteroutfits voor je sollicitatiegesprek en maak een geweldige indruk!\" \/>\n<meta name=\"robots\" content=\"index, follow, max-snippet:-1, max-image-preview:large, max-video-preview:-1\" \/>\n<link rel=\"canonical\" href=\"https:\/\/richardrbmarcus.com\/ro\/wat-te-dragen-naar-een-sollicitatiegesprek-in-de-winter\/\" \/>\n<meta property=\"og:locale\" content=\"ro_RO\" \/>\n<meta property=\"og:type\" content=\"article\" \/>\n<meta property=\"og:title\" content=\"Wat te dragen naar een sollicitatiegesprek in de winter: Tips voor de perfecte outfit\" \/>\n<meta property=\"og:description\" content=\"Ontdek essenti\u00eble tips voor het kiezen van winteroutfits voor je sollicitatiegesprek en maak een geweldige indruk!\" \/>\n<meta property=\"og:url\" content=\"https:\/\/richardrbmarcus.com\/ro\/wat-te-dragen-naar-een-sollicitatiegesprek-in-de-winter\/\" \/>\n<meta property=\"og:site_name\" content=\"richardrbmarcus.com\" \/>\n<meta property=\"article:published_time\" content=\"2025-02-21T00:00:00+00:00\" \/>\n<meta property=\"article:modified_time\" content=\"2025-04-02T11:41:19+00:00\" \/>\n<meta property=\"og:image\" content=\"https:\/\/richardrbmarcus.com\/wp-content\/uploads\/image3f69d458f38542c4818f88f065463cad.png\" \/>\n\t<meta property=\"og:image:width\" content=\"1024\" \/>\n\t<meta property=\"og:image:height\" content=\"768\" \/>\n\t<meta property=\"og:image:type\" content=\"image\/png\" \/>\n<meta name=\"author\" content=\"Elvira Dijkstra\" \/>\n<meta name=\"twitter:card\" content=\"summary_large_image\" \/>\n<meta name=\"twitter:label1\" content=\"Scris de\" \/>\n\t<meta name=\"twitter:data1\" content=\"Elvira Dijkstra\" \/>\n\t<meta name=\"twitter:label2\" content=\"Timp estimat pentru citire\" \/>\n\t<meta name=\"twitter:data2\" content=\"5 minute\" \/>\n<script type=\"application\/ld+json\" class=\"yoast-schema-graph\">{\"@context\":\"https:\/\/schema.org\",\"@graph\":[{\"@type\":\"WebPage\",\"@id\":\"https:\/\/richardrbmarcus.com\/wat-te-dragen-naar-een-sollicitatiegesprek-in-de-winter\/\",\"url\":\"https:\/\/richardrbmarcus.com\/wat-te-dragen-naar-een-sollicitatiegesprek-in-de-winter\/\",\"name\":\"Wat te dragen naar een sollicitatiegesprek in de winter: Tips voor de perfecte outfit\",\"isPartOf\":{\"@id\":\"https:\/\/richardrbmarcus.com\/#website\"},\"primaryImageOfPage\":{\"@id\":\"https:\/\/richardrbmarcus.com\/wat-te-dragen-naar-een-sollicitatiegesprek-in-de-winter\/#primaryimage\"},\"image\":{\"@id\":\"https:\/\/richardrbmarcus.com\/wat-te-dragen-naar-een-sollicitatiegesprek-in-de-winter\/#primaryimage\"},\"thumbnailUrl\":\"https:\/\/richardrbmarcus.com\/wp-content\/uploads\/image3f69d458f38542c4818f88f065463cad.png\",\"datePublished\":\"2025-02-21T00:00:00+00:00\",\"dateModified\":\"2025-04-02T11:41:19+00:00\",\"author\":{\"@id\":\"https:\/\/richardrbmarcus.com\/#\/schema\/person\/5f7c0f30235b7a27b9ba78971e785206\"},\"description\":\"Ontdek essenti\u00eble tips voor het kiezen van winteroutfits voor je sollicitatiegesprek en maak een geweldige indruk!\",\"breadcrumb\":{\"@id\":\"https:\/\/richardrbmarcus.com\/wat-te-dragen-naar-een-sollicitatiegesprek-in-de-winter\/#breadcrumb\"},\"inLanguage\":\"ro-RO\",\"potentialAction\":[{\"@type\":\"ReadAction\",\"target\":[\"https:\/\/richardrbmarcus.com\/wat-te-dragen-naar-een-sollicitatiegesprek-in-de-winter\/\"]}]},{\"@type\":\"ImageObject\",\"inLanguage\":\"ro-RO\",\"@id\":\"https:\/\/richardrbmarcus.com\/wat-te-dragen-naar-een-sollicitatiegesprek-in-de-winter\/#primaryimage\",\"url\":\"https:\/\/richardrbmarcus.com\/wp-content\/uploads\/image3f69d458f38542c4818f88f065463cad.png\",\"contentUrl\":\"https:\/\/richardrbmarcus.com\/wp-content\/uploads\/image3f69d458f38542c4818f88f065463cad.png\",\"width\":1024,\"height\":768},{\"@type\":\"BreadcrumbList\",\"@id\":\"https:\/\/richardrbmarcus.com\/wat-te-dragen-naar-een-sollicitatiegesprek-in-de-winter\/#breadcrumb\",\"itemListElement\":[{\"@type\":\"ListItem\",\"position\":1,\"name\":\"Home\",\"item\":\"https:\/\/richardrbmarcus.com\/\"},{\"@type\":\"ListItem\",\"position\":2,\"name\":\"Wat te dragen naar een sollicitatiegesprek in de winter\"}]},{\"@type\":\"WebSite\",\"@id\":\"https:\/\/richardrbmarcus.com\/#website\",\"url\":\"https:\/\/richardrbmarcus.com\/\",\"name\":\"richardrbmarcus.com\",\"description\":\"Trendy mode-inspiratie en stijltips voor een tijdloze look\",\"potentialAction\":[{\"@type\":\"SearchAction\",\"target\":{\"@type\":\"EntryPoint\",\"urlTemplate\":\"https:\/\/richardrbmarcus.com\/?s={search_term_string}\"},\"query-input\":\"required name=search_term_string\"}],\"inLanguage\":\"ro-RO\"},{\"@type\":\"Person\",\"@id\":\"https:\/\/richardrbmarcus.com\/#\/schema\/person\/5f7c0f30235b7a27b9ba78971e785206\",\"name\":\"Elvira Dijkstra\",\"image\":{\"@type\":\"ImageObject\",\"inLanguage\":\"ro-RO\",\"@id\":\"https:\/\/richardrbmarcus.com\/#\/schema\/person\/image\/\",\"url\":\"https:\/\/richardrbmarcus.com\/wp-content\/uploads\/elvira-dijkstra_avatar-96x96.jpg\",\"contentUrl\":\"https:\/\/richardrbmarcus.com\/wp-content\/uploads\/elvira-dijkstra_avatar-96x96.jpg\",\"caption\":\"Elvira Dijkstra\"},\"description\":\"Ik ben Elvira Dijkstra, een mode-expert. Na mijn studie aan de Academie voor Mode en Design heb ik ervaring opgedaan als modeconsulent, stylist en schrijver voor modebladen. Mijn werk draait om het toegankelijk maken van mode, zodat iedereen zijn of haar persoonlijke stijl kan vinden en zich zelfverzekerd kan voelen.\",\"url\":\"https:\/\/richardrbmarcus.com\/ro\/author\/elvira-dijkstra\/\"}]}<\/script>\n<!-- \/ Yoast SEO plugin. -->","yoast_head_json":{"title":"Wat te dragen naar een sollicitatiegesprek in de winter: Tips voor de perfecte outfit","description":"Ontdek essenti\u00eble tips voor het kiezen van winteroutfits voor je sollicitatiegesprek en maak een geweldige indruk!","robots":{"index":"index","follow":"follow","max-snippet":"max-snippet:-1","max-image-preview":"max-image-preview:large","max-video-preview":"max-video-preview:-1"},"canonical":"https:\/\/richardrbmarcus.com\/ro\/wat-te-dragen-naar-een-sollicitatiegesprek-in-de-winter\/","og_locale":"ro_RO","og_type":"article","og_title":"Wat te dragen naar een sollicitatiegesprek in de winter: Tips voor de perfecte outfit","og_description":"Ontdek essenti\u00eble tips voor het kiezen van winteroutfits voor je sollicitatiegesprek en maak een geweldige indruk!","og_url":"https:\/\/richardrbmarcus.com\/ro\/wat-te-dragen-naar-een-sollicitatiegesprek-in-de-winter\/","og_site_name":"richardrbmarcus.com","article_published_time":"2025-02-21T00:00:00+00:00","article_modified_time":"2025-04-02T11:41:19+00:00","og_image":[{"width":1024,"height":768,"url":"https:\/\/richardrbmarcus.com\/wp-content\/uploads\/image3f69d458f38542c4818f88f065463cad.png","type":"image\/png"}],"author":"Elvira Dijkstra","twitter_card":"summary_large_image","twitter_misc":{"Scris de":"Elvira Dijkstra","Timp estimat pentru citire":"5 minute"},"schema":{"@context":"https:\/\/schema.org","@graph":[{"@type":"WebPage","@id":"https:\/\/richardrbmarcus.com\/wat-te-dragen-naar-een-sollicitatiegesprek-in-de-winter\/","url":"https:\/\/richardrbmarcus.com\/wat-te-dragen-naar-een-sollicitatiegesprek-in-de-winter\/","name":"Wat te dragen naar een sollicitatiegesprek in de winter: Tips voor de perfecte outfit","isPartOf":{"@id":"https:\/\/richardrbmarcus.com\/#website"},"primaryImageOfPage":{"@id":"https:\/\/richardrbmarcus.com\/wat-te-dragen-naar-een-sollicitatiegesprek-in-de-winter\/#primaryimage"},"image":{"@id":"https:\/\/richardrbmarcus.com\/wat-te-dragen-naar-een-sollicitatiegesprek-in-de-winter\/#primaryimage"},"thumbnailUrl":"https:\/\/richardrbmarcus.com\/wp-content\/uploads\/image3f69d458f38542c4818f88f065463cad.png","datePublished":"2025-02-21T00:00:00+00:00","dateModified":"2025-04-02T11:41:19+00:00","author":{"@id":"https:\/\/richardrbmarcus.com\/#\/schema\/person\/5f7c0f30235b7a27b9ba78971e785206"},"description":"Ontdek essenti\u00eble tips voor het kiezen van winteroutfits voor je sollicitatiegesprek en maak een geweldige indruk!","breadcrumb":{"@id":"https:\/\/richardrbmarcus.com\/wat-te-dragen-naar-een-sollicitatiegesprek-in-de-winter\/#breadcrumb"},"inLanguage":"ro-RO","potentialAction":[{"@type":"ReadAction","target":["https:\/\/richardrbmarcus.com\/wat-te-dragen-naar-een-sollicitatiegesprek-in-de-winter\/"]}]},{"@type":"ImageObject","inLanguage":"ro-RO","@id":"https:\/\/richardrbmarcus.com\/wat-te-dragen-naar-een-sollicitatiegesprek-in-de-winter\/#primaryimage","url":"https:\/\/richardrbmarcus.com\/wp-content\/uploads\/image3f69d458f38542c4818f88f065463cad.png","contentUrl":"https:\/\/richardrbmarcus.com\/wp-content\/uploads\/image3f69d458f38542c4818f88f065463cad.png","width":1024,"height":768},{"@type":"BreadcrumbList","@id":"https:\/\/richardrbmarcus.com\/wat-te-dragen-naar-een-sollicitatiegesprek-in-de-winter\/#breadcrumb","itemListElement":[{"@type":"ListItem","position":1,"name":"Home","item":"https:\/\/richardrbmarcus.com\/"},{"@type":"ListItem","position":2,"name":"Wat te dragen naar een sollicitatiegesprek in de winter"}]},{"@type":"WebSite","@id":"https:\/\/richardrbmarcus.com\/#website","url":"https:\/\/richardrbmarcus.com\/","name":"richardrbmarcus.com","description":"Trendy mode-inspiratie en stijltips voor een tijdloze look","potentialAction":[{"@type":"SearchAction","target":{"@type":"EntryPoint","urlTemplate":"https:\/\/richardrbmarcus.com\/?s={search_term_string}"},"query-input":"required name=search_term_string"}],"inLanguage":"ro-RO"},{"@type":"Person","@id":"https:\/\/richardrbmarcus.com\/#\/schema\/person\/5f7c0f30235b7a27b9ba78971e785206","name":"Elvira Dijkstra","image":{"@type":"ImageObject","inLanguage":"ro-RO","@id":"https:\/\/richardrbmarcus.com\/#\/schema\/person\/image\/","url":"https:\/\/richardrbmarcus.com\/wp-content\/uploads\/elvira-dijkstra_avatar-96x96.jpg","contentUrl":"https:\/\/richardrbmarcus.com\/wp-content\/uploads\/elvira-dijkstra_avatar-96x96.jpg","caption":"Elvira Dijkstra"},"description":"Ik ben Elvira Dijkstra, een mode-expert. Na mijn studie aan de Academie voor Mode en Design heb ik ervaring opgedaan als modeconsulent, stylist en schrijver voor modebladen. Mijn werk draait om het toegankelijk maken van mode, zodat iedereen zijn of haar persoonlijke stijl kan vinden en zich zelfverzekerd kan voelen.","url":"https:\/\/richardrbmarcus.com\/ro\/author\/elvira-dijkstra\/"}]}},"yoast_meta":{"yoast_wpseo_title":"","yoast_wpseo_metadesc":"","yoast_wpseo_canonical":"https:\/\/richardrbmarcus.com\/ro\/wp-json\/wp\/v2\/posts\/96"},"_links":{"self":[{"href":"https:\/\/richardrbmarcus.com\/ro\/wp-json\/wp\/v2\/posts\/96","targetHints":{"allow":["GET"]}}],"collection":[{"href":"https:\/\/richardrbmarcus.com\/ro\/wp-json\/wp\/v2\/posts"}],"about":[{"href":"https:\/\/richardrbmarcus.com\/ro\/wp-json\/wp\/v2\/types\/post"}],"author":[{"embeddable":true,"href":"https:\/\/richardrbmarcus.com\/ro\/wp-json\/wp\/v2\/users\/3"}],"replies":[{"embeddable":true,"href":"https:\/\/richardrbmarcus.com\/ro\/wp-json\/wp\/v2\/comments?post=96"}],"version-history":[{"count":2,"href":"https:\/\/richardrbmarcus.com\/ro\/wp-json\/wp\/v2\/posts\/96\/revisions"}],"predecessor-version":[{"id":173,"href":"https:\/\/richardrbmarcus.com\/ro\/wp-json\/wp\/v2\/posts\/96\/revisions\/173"}],"wp:featuredmedia":[{"embeddable":true,"href":"https:\/\/richardrbmarcus.com\/ro\/wp-json\/wp\/v2\/media\/80"}],"wp:attachment":[{"href":"https:\/\/richardrbmarcus.com\/ro\/wp-json\/wp\/v2\/media?parent=96"}],"wp:term":[{"taxonomy":"category","embeddable":true,"href":"https:\/\/richardrbmarcus.com\/ro\/wp-json\/wp\/v2\/categories?post=96"},{"taxonomy":"post_tag","embeddable":true,"href":"https:\/\/richardrbmarcus.com\/ro\/wp-json\/wp\/v2\/tags?post=96"}],"curies":[{"name":"wp","href":"https:\/\/api.w.org\/{rel}","templated":true}]}}